{"id":14334,"date":"2020-01-29T19:00:30","date_gmt":"2020-01-29T18:00:30","guid":{"rendered":"http:\/\/fcliege.be\/fr\/?p=14334"},"modified":"2020-01-31T00:55:51","modified_gmt":"2020-01-30T23:55:51","slug":"gala-du-rfcl-06-03-au-country-hall","status":"publish","type":"post","link":"https:\/\/fcliege.be\/fr\/gala-du-rfcl-06-03-au-country-hall\/","title":{"rendered":"Gala du RFCL | 06.03"},"content":{"rendered":"<p>&nbsp;<\/p>\n<p>Le gala du RFC Li\u00e8ge et ses clubs fr\u00e8res aura lieu le <strong>vendredi 6 mars 2020<\/strong> au Country Hall de Li\u00e8ge.<\/p>\n<p>Bloquez la date dans vos agendas !<\/p>\n","protected":false},"excerpt":{"rendered":"<p>&nbsp; Le gala du RFC Li\u00e8ge et ses clubs fr\u00e8res aura lieu le vendredi 6 mars 2020 au Country Hall de Li\u00e8ge. Bloquez la date dans vos agendas !<\/p>\n","protected":false},"author":12,"featured_media":14335,"comment_status":"closed","ping_status":"closed","sticky":false,"template":"","format":"standard","meta":{"iawp_total_views":1},"categories":[48,25,24],"tags":[],"_links":{"self":[{"href":"https:\/\/fcliege.be\/fr\/wp-json\/wp\/v2\/posts\/14334"}],"collection":[{"href":"https:\/\/fcliege.be\/fr\/wp-json\/wp\/v2\/posts"}],"about":[{"href":"https:\/\/fcliege.be\/fr\/wp-json\/wp\/v2\/types\/post"}],"author":[{"embeddable":true,"href":"https:\/\/fcliege.be\/fr\/wp-json\/wp\/v2\/users\/12"}],"replies":[{"embeddable":true,"href":"https:\/\/fcliege.be\/fr\/wp-json\/wp\/v2\/comments?post=14334"}],"version-history":[{"count":3,"href":"https:\/\/fcliege.be\/fr\/wp-json\/wp\/v2\/posts\/14334\/revisions"}],"predecessor-version":[{"id":14338,"href":"https:\/\/fcliege.be\/fr\/wp-json\/wp\/v2\/posts\/14334\/revisions\/14338"}],"wp:featuredmedia":[{"embeddable":true,"href":"https:\/\/fcliege.be\/fr\/wp-json\/wp\/v2\/media\/14335"}],"wp:attachment":[{"href":"https:\/\/fcliege.be\/fr\/wp-json\/wp\/v2\/media?parent=14334"}],"wp:term":[{"taxonomy":"category","embeddable":true,"href":"https:\/\/fcliege.be\/fr\/wp-json\/wp\/v2\/categories?post=14334"},{"taxonomy":"post_tag","embeddable":true,"href":"https:\/\/fcliege.be\/fr\/wp-json\/wp\/v2\/tags?post=14334"}],"curies":[{"name":"wp","href":"https:\/\/api.w.org\/{rel}","templated":true}]}}