{"id":14442,"date":"2020-02-24T17:13:20","date_gmt":"2020-02-24T16:13:20","guid":{"rendered":"http:\/\/fcliege.be\/fr\/?p=14442"},"modified":"2020-02-24T18:23:25","modified_gmt":"2020-02-24T17:23:25","slug":"jeunes-calendrier-du-21-02-au-22-02","status":"publish","type":"post","link":"https:\/\/fcliege.be\/fr\/jeunes-calendrier-du-21-02-au-22-02\/","title":{"rendered":"Jeunes | R\u00e9sultats du 21.02 au 22.02"},"content":{"rendered":"<p>&nbsp;<\/p>\n<h4>D\u00e9couvrez ci-dessous les r\u00e9sultats de l&rsquo;\u00e9cole des jeunes du RFCL.<\/h4>\n<p><strong>Vendredi 21 f\u00e9vrier<\/strong><\/p>\n<p>#16ip &gt; 19h30 : <strong>RFCL<\/strong> \u2013 Blegny<br \/>\n#17 &gt; 19h30 : <strong>RFCL<\/strong> &#8211; Arquet<\/p>\n<p><strong>Samedi 22 f\u00e9vrier<\/strong><\/p>\n<p>#10ip &gt; 11h : <strong>RFCL<\/strong> &#8211; Mons 2-1<br \/>\n#10B &gt; 11h : Verviers &#8211;\u00a0<strong>RFCL\u00a0<\/strong>0-20<br \/>\n#10C &gt; 9h30 : Beaufays &#8211; <strong>RFCL\u00a0<\/strong>2-6<br \/>\n#10D &gt; 9h30 : <strong>RFCL<\/strong> &#8211; Melen 3-3<\/p>\n<p>#11ip &gt; 12h30 : <strong>RFCL<\/strong> &#8211; Mons 1-3<br \/>\n#11C &gt; 12h : Wasseiges \u2013 <strong>RFCL<\/strong> 1-7<br \/>\n#11D &gt; 9h30 :\u00a0<strong>RFCL<\/strong> &#8211; Melen 4-3<\/p>\n<p>#12ip &gt; 11h : <strong>RFCL<\/strong> &#8211; Mons 2-1<br \/>\n#12B &gt; 11h : <strong>RFCL<\/strong> &#8211; Mons 3-1<br \/>\n#u12C &gt; 11h : Wasseiges &#8211; <strong>RFCL<\/strong> 0-10<br \/>\n#12D &gt; 9h30 : <strong>RFCL<\/strong> \u2013 Melen 5-2<\/p>\n<p>#13ip &gt; 11h : <strong>RFCL<\/strong> \u2013 Sprimont 5-0<br \/>\n#13C &gt; 9h30 : Beaufays &#8211; <strong>RFCL<\/strong> 0-9<br \/>\n#13D &gt; 9h30 : <strong>RFCL<\/strong> &#8211; Melen 3-2<\/p>\n<p>#14ip &gt; 13h : <strong>RFCL<\/strong> \u2013 La Louvi\u00e8re 6-1<br \/>\n#19 &gt; 15h : <strong>RFCL<\/strong> \u2013 Olympic Charleroi 3-3<br \/>\n#dames &gt; 12h30 : Heist &#8211; <strong>RFCL\u00a0<\/strong>1-2<\/p>\n","protected":false},"excerpt":{"rendered":"<p>&nbsp; D\u00e9couvrez ci-dessous les r\u00e9sultats de l&rsquo;\u00e9cole des jeunes du RFCL. Vendredi 21 f\u00e9vrier #16ip &gt; 19h30 : RFCL \u2013 Blegny #17 &gt; 19h30 : RFCL &#8211; Arquet Samedi 22 f\u00e9vrier #10ip &gt; 11h : RFCL &#8211; Mons 2-1 #10B &gt; 11h : Verviers &#8211;\u00a0RFCL\u00a00-20 #10C &gt; 9h30 : Beaufays &#8211; RFCL\u00a02-6 #10D &gt; 9h30 [&hellip;]<\/p>\n","protected":false},"author":12,"featured_media":14279,"comment_status":"closed","ping_status":"closed","sticky":false,"template":"","format":"standard","meta":{"iawp_total_views":3},"categories":[24,23],"tags":[],"_links":{"self":[{"href":"https:\/\/fcliege.be\/fr\/wp-json\/wp\/v2\/posts\/14442"}],"collection":[{"href":"https:\/\/fcliege.be\/fr\/wp-json\/wp\/v2\/posts"}],"about":[{"href":"https:\/\/fcliege.be\/fr\/wp-json\/wp\/v2\/types\/post"}],"author":[{"embeddable":true,"href":"https:\/\/fcliege.be\/fr\/wp-json\/wp\/v2\/users\/12"}],"replies":[{"embeddable":true,"href":"https:\/\/fcliege.be\/fr\/wp-json\/wp\/v2\/comments?post=14442"}],"version-history":[{"count":4,"href":"https:\/\/fcliege.be\/fr\/wp-json\/wp\/v2\/posts\/14442\/revisions"}],"predecessor-version":[{"id":14449,"href":"https:\/\/fcliege.be\/fr\/wp-json\/wp\/v2\/posts\/14442\/revisions\/14449"}],"wp:featuredmedia":[{"embeddable":true,"href":"https:\/\/fcliege.be\/fr\/wp-json\/wp\/v2\/media\/14279"}],"wp:attachment":[{"href":"https:\/\/fcliege.be\/fr\/wp-json\/wp\/v2\/media?parent=14442"}],"wp:term":[{"taxonomy":"category","embeddable":true,"href":"https:\/\/fcliege.be\/fr\/wp-json\/wp\/v2\/categories?post=14442"},{"taxonomy":"post_tag","embeddable":true,"href":"https:\/\/fcliege.be\/fr\/wp-json\/wp\/v2\/tags?post=14442"}],"curies":[{"name":"wp","href":"https:\/\/api.w.org\/{rel}","templated":true}]}}