{"id":14552,"date":"2020-03-11T10:09:33","date_gmt":"2020-03-11T09:09:33","guid":{"rendered":"http:\/\/fcliege.be\/fr\/?p=14552"},"modified":"2020-03-11T10:09:33","modified_gmt":"2020-03-11T09:09:33","slug":"affaire-seraing-match-a-rejouer","status":"publish","type":"post","link":"https:\/\/fcliege.be\/fr\/affaire-seraing-match-a-rejouer\/","title":{"rendered":"Affaire Seraing | Match \u00e0 rejouer"},"content":{"rendered":"<p>&nbsp;<\/p>\n<p>Le Comit\u00e9 sportif de l\u2019Union belge a d\u00e9cid\u00e9 que la rencontre FC Seraing-RFC Li\u00e8ge du 08 f\u00e9vrier dernier, arr\u00eat\u00e9e en raison d\u2019une panne de courant, devra \u00eatre rejou\u00e9e. La Commission estime qu\u2019aucune faute ne peut \u00eatre imput\u00e9e au club visit\u00e9. Le match reprendra d\u00e8s le d\u00e9but avec le score de 0-0 \u00e0 une date qui doit encore \u00eatre fix\u00e9e par le manager du calendrier.<\/p>\n<p>Cette d\u00e9cision, dure, puisque nous menions 1-2 \u00e0 20 minutes de la fin, doit d\u00e9cupler nos forces afin de gagner d\u00e8s dimanche. Que la d\u00e9ception suite \u00e0 cette d\u00e9cision puisse se transformer en \u00e9nergie positive qui nous permettra d\u2019atteindre nos objectifs le plus rapidement possible.<\/p>\n<p>Afin que le football reprenne ses droits, le RFCL ne fera pas appel de cette d\u00e9cision.<\/p>\n","protected":false},"excerpt":{"rendered":"<p>&nbsp; Le Comit\u00e9 sportif de l\u2019Union belge a d\u00e9cid\u00e9 que la rencontre FC Seraing-RFC Li\u00e8ge du 08 f\u00e9vrier dernier, arr\u00eat\u00e9e en raison d\u2019une panne de courant, devra \u00eatre rejou\u00e9e. La Commission estime qu\u2019aucune faute ne peut \u00eatre imput\u00e9e au club visit\u00e9. Le match reprendra d\u00e8s le d\u00e9but avec le score de 0-0 \u00e0 une date [&hellip;]<\/p>\n","protected":false},"author":13,"featured_media":14296,"comment_status":"closed","ping_status":"closed","sticky":false,"template":"","format":"standard","meta":{"iawp_total_views":0},"categories":[1],"tags":[],"_links":{"self":[{"href":"https:\/\/fcliege.be\/fr\/wp-json\/wp\/v2\/posts\/14552"}],"collection":[{"href":"https:\/\/fcliege.be\/fr\/wp-json\/wp\/v2\/posts"}],"about":[{"href":"https:\/\/fcliege.be\/fr\/wp-json\/wp\/v2\/types\/post"}],"author":[{"embeddable":true,"href":"https:\/\/fcliege.be\/fr\/wp-json\/wp\/v2\/users\/13"}],"replies":[{"embeddable":true,"href":"https:\/\/fcliege.be\/fr\/wp-json\/wp\/v2\/comments?post=14552"}],"version-history":[{"count":1,"href":"https:\/\/fcliege.be\/fr\/wp-json\/wp\/v2\/posts\/14552\/revisions"}],"predecessor-version":[{"id":14553,"href":"https:\/\/fcliege.be\/fr\/wp-json\/wp\/v2\/posts\/14552\/revisions\/14553"}],"wp:featuredmedia":[{"embeddable":true,"href":"https:\/\/fcliege.be\/fr\/wp-json\/wp\/v2\/media\/14296"}],"wp:attachment":[{"href":"https:\/\/fcliege.be\/fr\/wp-json\/wp\/v2\/media?parent=14552"}],"wp:term":[{"taxonomy":"category","embeddable":true,"href":"https:\/\/fcliege.be\/fr\/wp-json\/wp\/v2\/categories?post=14552"},{"taxonomy":"post_tag","embeddable":true,"href":"https:\/\/fcliege.be\/fr\/wp-json\/wp\/v2\/tags?post=14552"}],"curies":[{"name":"wp","href":"https:\/\/api.w.org\/{rel}","templated":true}]}}