{"id":14596,"date":"2020-03-20T13:58:56","date_gmt":"2020-03-20T12:58:56","guid":{"rendered":"http:\/\/fcliege.be\/fr\/?p=14596"},"modified":"2020-03-20T13:58:56","modified_gmt":"2020-03-20T12:58:56","slug":"solidarite-appel-aux-dons-pour-les-hopitaux","status":"publish","type":"post","link":"https:\/\/fcliege.be\/fr\/solidarite-appel-aux-dons-pour-les-hopitaux\/","title":{"rendered":"Solidarit\u00e9 | Appel aux dons pour les h\u00f4pitaux"},"content":{"rendered":"<p>&nbsp;<\/p>\n<h4>Li\u00e8ge-sur-vivra prend le relais de Li\u00e8ge-vivra : les supporters du RFC Li\u00e9geois lancent un appel aux dons pour venir en aide aux h\u00f4pitaux publics li\u00e9geois !<\/h4>\n<p>La cagnotte d\u00e9marre \u00e0 8.000 \u20ac, somme restante de l&rsquo;\u00e9poque du sauvetage du club en 2011 que le collectif a d\u00e9cid\u00e9 d&rsquo;utiliser en cette p\u00e9riode de crise. Premier objectif : 35.000 \u20ac pour financer un respirateur !<\/p>\n<p>Les <strong>dons<\/strong> sont \u00e0 envoyer au collectif des supporters du RFCL sur le compte <strong>BE30 611-5030070-11<\/strong> avec la communication <strong>LIEGE-SUR-VIVRA<\/strong>.<\/p>\n<p>Une action 100% transparente, contact et d\u00e9tails : Raph Schmitz (raphschmitz@msn.com ou 0475 675695). Le club applaudit cette merveilleuse initiative et viendra en appui de l&rsquo;action de ses supporters.<\/p>\n","protected":false},"excerpt":{"rendered":"<p>&nbsp; Li\u00e8ge-sur-vivra prend le relais de Li\u00e8ge-vivra : les supporters du RFC Li\u00e9geois lancent un appel aux dons pour venir en aide aux h\u00f4pitaux publics li\u00e9geois ! La cagnotte d\u00e9marre \u00e0 8.000 \u20ac, somme restante de l&rsquo;\u00e9poque du sauvetage du club en 2011 que le collectif a d\u00e9cid\u00e9 d&rsquo;utiliser en cette p\u00e9riode de crise. Premier [&hellip;]<\/p>\n","protected":false},"author":12,"featured_media":14597,"comment_status":"closed","ping_status":"closed","sticky":false,"template":"","format":"standard","meta":{"iawp_total_views":0},"categories":[24],"tags":[],"_links":{"self":[{"href":"https:\/\/fcliege.be\/fr\/wp-json\/wp\/v2\/posts\/14596"}],"collection":[{"href":"https:\/\/fcliege.be\/fr\/wp-json\/wp\/v2\/posts"}],"about":[{"href":"https:\/\/fcliege.be\/fr\/wp-json\/wp\/v2\/types\/post"}],"author":[{"embeddable":true,"href":"https:\/\/fcliege.be\/fr\/wp-json\/wp\/v2\/users\/12"}],"replies":[{"embeddable":true,"href":"https:\/\/fcliege.be\/fr\/wp-json\/wp\/v2\/comments?post=14596"}],"version-history":[{"count":1,"href":"https:\/\/fcliege.be\/fr\/wp-json\/wp\/v2\/posts\/14596\/revisions"}],"predecessor-version":[{"id":14598,"href":"https:\/\/fcliege.be\/fr\/wp-json\/wp\/v2\/posts\/14596\/revisions\/14598"}],"wp:featuredmedia":[{"embeddable":true,"href":"https:\/\/fcliege.be\/fr\/wp-json\/wp\/v2\/media\/14597"}],"wp:attachment":[{"href":"https:\/\/fcliege.be\/fr\/wp-json\/wp\/v2\/media?parent=14596"}],"wp:term":[{"taxonomy":"category","embeddable":true,"href":"https:\/\/fcliege.be\/fr\/wp-json\/wp\/v2\/categories?post=14596"},{"taxonomy":"post_tag","embeddable":true,"href":"https:\/\/fcliege.be\/fr\/wp-json\/wp\/v2\/tags?post=14596"}],"curies":[{"name":"wp","href":"https:\/\/api.w.org\/{rel}","templated":true}]}}