{"id":14625,"date":"2020-03-27T15:02:11","date_gmt":"2020-03-27T14:02:11","guid":{"rendered":"http:\/\/fcliege.be\/fr\/?p=14625"},"modified":"2020-03-27T15:05:14","modified_gmt":"2020-03-27T14:05:14","slug":"d1-amateurs-championnat-stoppe-definitivement","status":"publish","type":"post","link":"https:\/\/fcliege.be\/fr\/d1-amateurs-championnat-stoppe-definitivement\/","title":{"rendered":"D1 amateurs | Championnat stopp\u00e9 d\u00e9finitivement"},"content":{"rendered":"<p>&nbsp;<\/p>\n<h4>Le RFCL a pris connaissance de la d\u00e9cision de la RBFA, l\u2019ACFF et de la VFV de stopper le championnat de division 1 amateurs apr\u00e8s la 24e journ\u00e9e.<\/h4>\n<p>Le matricule 4 se range \u00e0 cette d\u00e9cision mue par un imp\u00e9ratif de sant\u00e9 publique absolument \u00e9vident et primordial.<\/p>\n<p>Avec une 12e place finale, malgr\u00e9 un match de moins, le club aura donc assur\u00e9 son maintien sportivement et tient \u00e0 remercier toutes les personnes qui ont pris part \u00e0 la vie du club durant cette saison.<\/p>\n<p>Apr\u00e8s l\u2019obtention sans difficult\u00e9s de la licence, la direction du club a d\u00e9j\u00e0 commenc\u00e9 le travail pour \u00eatre plus fort la saison prochaine en D1 amateurs.<\/p>\n","protected":false},"excerpt":{"rendered":"<p>&nbsp; Le RFCL a pris connaissance de la d\u00e9cision de la RBFA, l\u2019ACFF et de la VFV de stopper le championnat de division 1 amateurs apr\u00e8s la 24e journ\u00e9e. Le matricule 4 se range \u00e0 cette d\u00e9cision mue par un imp\u00e9ratif de sant\u00e9 publique absolument \u00e9vident et primordial. Avec une 12e place finale, malgr\u00e9 un [&hellip;]<\/p>\n","protected":false},"author":12,"featured_media":14296,"comment_status":"closed","ping_status":"closed","sticky":false,"template":"","format":"standard","meta":{"iawp_total_views":0},"categories":[24],"tags":[],"_links":{"self":[{"href":"https:\/\/fcliege.be\/fr\/wp-json\/wp\/v2\/posts\/14625"}],"collection":[{"href":"https:\/\/fcliege.be\/fr\/wp-json\/wp\/v2\/posts"}],"about":[{"href":"https:\/\/fcliege.be\/fr\/wp-json\/wp\/v2\/types\/post"}],"author":[{"embeddable":true,"href":"https:\/\/fcliege.be\/fr\/wp-json\/wp\/v2\/users\/12"}],"replies":[{"embeddable":true,"href":"https:\/\/fcliege.be\/fr\/wp-json\/wp\/v2\/comments?post=14625"}],"version-history":[{"count":2,"href":"https:\/\/fcliege.be\/fr\/wp-json\/wp\/v2\/posts\/14625\/revisions"}],"predecessor-version":[{"id":14631,"href":"https:\/\/fcliege.be\/fr\/wp-json\/wp\/v2\/posts\/14625\/revisions\/14631"}],"wp:featuredmedia":[{"embeddable":true,"href":"https:\/\/fcliege.be\/fr\/wp-json\/wp\/v2\/media\/14296"}],"wp:attachment":[{"href":"https:\/\/fcliege.be\/fr\/wp-json\/wp\/v2\/media?parent=14625"}],"wp:term":[{"taxonomy":"category","embeddable":true,"href":"https:\/\/fcliege.be\/fr\/wp-json\/wp\/v2\/categories?post=14625"},{"taxonomy":"post_tag","embeddable":true,"href":"https:\/\/fcliege.be\/fr\/wp-json\/wp\/v2\/tags?post=14625"}],"curies":[{"name":"wp","href":"https:\/\/api.w.org\/{rel}","templated":true}]}}