{"id":14676,"date":"2020-04-05T15:28:38","date_gmt":"2020-04-05T14:28:38","guid":{"rendered":"http:\/\/fcliege.be\/fr\/?p=14676"},"modified":"2020-04-05T15:28:38","modified_gmt":"2020-04-05T14:28:38","slug":"2020-2021-mouchamps-et-dostilio-prolongent-et-akono-arrive","status":"publish","type":"post","link":"https:\/\/fcliege.be\/fr\/2020-2021-mouchamps-et-dostilio-prolongent-et-akono-arrive\/","title":{"rendered":"2020-2021 | Mouchamps et D&rsquo;Ostilio prolongent et Akono arrive !"},"content":{"rendered":"<p>&nbsp;<\/p>\n<p>Un peu plus d\u2019une semaine apr\u00e8s l\u2019arr\u00eat forc\u00e9 du championnat de D1 amateur en raison de la crise du coronavirus, la direction du RFCL a d\u00e9j\u00e0 commenc\u00e9 son travail en vue de la saison prochaine.<\/p>\n<p>Si l\u2019objectif est de disposer d\u2019une \u00e9quipe plus forte, il \u00e9tait n\u00e9anmoins essentiel de pouvoir b\u00e2tir cette \u00e9quipe avec des joueurs d\u00e9j\u00e0 pr\u00e9sents au club et qui symbolisent les valeurs du matricule 4 : talent, engagement, esprit d\u2019\u00e9quipe et fair play.<\/p>\n<p>Dans ce cadre-l\u00e0, Damien <strong>Mouchamps<\/strong> (24 ans) et Jonathan <strong>D\u2019Ostilio<\/strong> (26 ans), tous deux en fin de contrat, ont resign\u00e9 au RFCL pour trois saisons.<\/p>\n<p>De plus, le RFCL, soucieux de permettre \u00e0 de jeunes joueurs talentueux de se d\u00e9velopper \u00e0 un niveau plus \u00e9lev\u00e9, a d\u00e9cid\u00e9 d\u2019engager Joseph <strong>Akono<\/strong>. L\u2019attaquant franco-camerounais de 20 ans qui \u00e9voluait \u00e0 Sprimont en D3 amateur, a marqu\u00e9 7 buts chez les Carriers la saison derni\u00e8re.<\/p>\n<p>Le RFC Li\u00e8ge souhaite la bienvenue \u00e0 Joseph Akono et souhaite \u00e0 Damien Mouchamps et Jonathan D\u2019Ostilio de poursuivre avec succ\u00e8s leur carri\u00e8re en rouge et bleu !<\/p>\n<p>Le RFCL se r\u00e9jouit de pouvoir annoncer ces informations tout en pr\u00e9cisant que le travail se poursuit sans rel\u00e2che pour disposer d\u2019un noyau tr\u00e8s comp\u00e9titif.<\/p>\n","protected":false},"excerpt":{"rendered":"<p>&nbsp; Un peu plus d\u2019une semaine apr\u00e8s l\u2019arr\u00eat forc\u00e9 du championnat de D1 amateur en raison de la crise du coronavirus, la direction du RFCL a d\u00e9j\u00e0 commenc\u00e9 son travail en vue de la saison prochaine. Si l\u2019objectif est de disposer d\u2019une \u00e9quipe plus forte, il \u00e9tait n\u00e9anmoins essentiel de pouvoir b\u00e2tir cette \u00e9quipe avec [&hellip;]<\/p>\n","protected":false},"author":12,"featured_media":14279,"comment_status":"closed","ping_status":"closed","sticky":false,"template":"","format":"standard","meta":{"iawp_total_views":1},"categories":[24,26],"tags":[],"_links":{"self":[{"href":"https:\/\/fcliege.be\/fr\/wp-json\/wp\/v2\/posts\/14676"}],"collection":[{"href":"https:\/\/fcliege.be\/fr\/wp-json\/wp\/v2\/posts"}],"about":[{"href":"https:\/\/fcliege.be\/fr\/wp-json\/wp\/v2\/types\/post"}],"author":[{"embeddable":true,"href":"https:\/\/fcliege.be\/fr\/wp-json\/wp\/v2\/users\/12"}],"replies":[{"embeddable":true,"href":"https:\/\/fcliege.be\/fr\/wp-json\/wp\/v2\/comments?post=14676"}],"version-history":[{"count":3,"href":"https:\/\/fcliege.be\/fr\/wp-json\/wp\/v2\/posts\/14676\/revisions"}],"predecessor-version":[{"id":14679,"href":"https:\/\/fcliege.be\/fr\/wp-json\/wp\/v2\/posts\/14676\/revisions\/14679"}],"wp:featuredmedia":[{"embeddable":true,"href":"https:\/\/fcliege.be\/fr\/wp-json\/wp\/v2\/media\/14279"}],"wp:attachment":[{"href":"https:\/\/fcliege.be\/fr\/wp-json\/wp\/v2\/media?parent=14676"}],"wp:term":[{"taxonomy":"category","embeddable":true,"href":"https:\/\/fcliege.be\/fr\/wp-json\/wp\/v2\/categories?post=14676"},{"taxonomy":"post_tag","embeddable":true,"href":"https:\/\/fcliege.be\/fr\/wp-json\/wp\/v2\/tags?post=14676"}],"curies":[{"name":"wp","href":"https:\/\/api.w.org\/{rel}","templated":true}]}}