{"id":14702,"date":"2020-04-09T05:00:25","date_gmt":"2020-04-09T04:00:25","guid":{"rendered":"http:\/\/fcliege.be\/fr\/?p=14702"},"modified":"2020-04-08T21:26:57","modified_gmt":"2020-04-08T20:26:57","slug":"rfcl-tv-interview-de-jean-paul-lacomble","status":"publish","type":"post","link":"https:\/\/fcliege.be\/fr\/rfcl-tv-interview-de-jean-paul-lacomble\/","title":{"rendered":"RFCL TV | Interview de Jean-Paul Lacomble"},"content":{"rendered":"<p>&nbsp;<\/p>\n<p>Jean-Paul <strong>Lacomble<\/strong> dresse le bilan des derni\u00e8res semaines, revient sur l&rsquo;obtention de la licence et nous parle de la saison prochaine ! Un pr\u00e9sident par ailleurs tr\u00e8s fier de la mobilisation de l&rsquo;ensemble de la famille Sang &amp; Marine dans les circonstances difficiles que nous vivons et de la participation active \u00e0 l&rsquo;op\u00e9ration de solidarit\u00e9.<\/p>\n<p><iframe loading=\"lazy\" src=\"https:\/\/www.youtube.com\/embed\/qLW37RMnHr8\" width=\"560\" height=\"315\" frameborder=\"0\" allowfullscreen=\"allowfullscreen\"><\/iframe><\/p>\n","protected":false},"excerpt":{"rendered":"<p>&nbsp; Jean-Paul Lacomble dresse le bilan des derni\u00e8res semaines, revient sur l&rsquo;obtention de la licence et nous parle de la saison prochaine ! Un pr\u00e9sident par ailleurs tr\u00e8s fier de la mobilisation de l&rsquo;ensemble de la famille Sang &amp; Marine dans les circonstances difficiles que nous vivons et de la participation active \u00e0 l&rsquo;op\u00e9ration de [&hellip;]<\/p>\n","protected":false},"author":12,"featured_media":14711,"comment_status":"closed","ping_status":"closed","sticky":false,"template":"","format":"standard","meta":{"iawp_total_views":10},"categories":[24,27],"tags":[],"_links":{"self":[{"href":"https:\/\/fcliege.be\/fr\/wp-json\/wp\/v2\/posts\/14702"}],"collection":[{"href":"https:\/\/fcliege.be\/fr\/wp-json\/wp\/v2\/posts"}],"about":[{"href":"https:\/\/fcliege.be\/fr\/wp-json\/wp\/v2\/types\/post"}],"author":[{"embeddable":true,"href":"https:\/\/fcliege.be\/fr\/wp-json\/wp\/v2\/users\/12"}],"replies":[{"embeddable":true,"href":"https:\/\/fcliege.be\/fr\/wp-json\/wp\/v2\/comments?post=14702"}],"version-history":[{"count":8,"href":"https:\/\/fcliege.be\/fr\/wp-json\/wp\/v2\/posts\/14702\/revisions"}],"predecessor-version":[{"id":14710,"href":"https:\/\/fcliege.be\/fr\/wp-json\/wp\/v2\/posts\/14702\/revisions\/14710"}],"wp:featuredmedia":[{"embeddable":true,"href":"https:\/\/fcliege.be\/fr\/wp-json\/wp\/v2\/media\/14711"}],"wp:attachment":[{"href":"https:\/\/fcliege.be\/fr\/wp-json\/wp\/v2\/media?parent=14702"}],"wp:term":[{"taxonomy":"category","embeddable":true,"href":"https:\/\/fcliege.be\/fr\/wp-json\/wp\/v2\/categories?post=14702"},{"taxonomy":"post_tag","embeddable":true,"href":"https:\/\/fcliege.be\/fr\/wp-json\/wp\/v2\/tags?post=14702"}],"curies":[{"name":"wp","href":"https:\/\/api.w.org\/{rel}","templated":true}]}}