{"id":14920,"date":"2020-05-18T15:07:20","date_gmt":"2020-05-18T13:07:20","guid":{"rendered":"http:\/\/fcliege.be\/fr\/?p=14920"},"modified":"2020-05-18T15:09:12","modified_gmt":"2020-05-18T13:09:12","slug":"abonnements-cap-des-550-distribution-des-masques","status":"publish","type":"post","link":"https:\/\/fcliege.be\/fr\/abonnements-cap-des-550-distribution-des-masques\/","title":{"rendered":"Abonnements &#038; masques | Cap des 550 et nouvelles distributions"},"content":{"rendered":"<p>&nbsp;<\/p>\n<p>Le cap des <strong>550 abonn\u00e9s<\/strong> vient d\u2019\u00eatre d\u00e9pass\u00e9 ! Merci \u00e0 tous ces supporters ! Le RFCL est heureux et fier de compter sur un tel soutien \u00e0 ce moment de l\u2019ann\u00e9e ! Nous invitons tous ceux qui h\u00e9sitent \u00e0 les rejoindre !<\/p>\n<p>Pour rappel, les abonn\u00e9s 2019-2020 en <strong>tribune assise<\/strong> restent prioritaires jusqu\u2019au<strong> 31 mai <\/strong>pour conserver leur si\u00e8ge !<\/p>\n<p>Chaque <strong>abonn\u00e9 2020-2021<\/strong> qui ne l\u2019a pas encore fait et chaque <strong>joueur de l&rsquo;\u00e9cole des jeunes<\/strong> <strong>en ordre de cotisation pour la saison 2020-2021<\/strong> pourront venir retirer, gratuitement, leur masque Sang &amp; Marine au stade.<\/p>\n<p>Toutes les mesures de s\u00e9curit\u00e9 sanitaire seront prises ! \u200eMerci, afin de faciliter le respect de celles-ci, de vous munir d&rsquo;une pi\u00e8ce d&rsquo;identit\u00e9 et de la preuve de votre paiement.<\/p>\n<p>Deux nouvelles\u00a0<strong>distributions des masques<\/strong>\u00a0auront lieu au guichet du stade de Rocourt :<\/p>\n<p>&#8211; <strong>Mardi 19 mai de 18h \u00e0 20h<\/strong><\/p>\n<p>&#8211; <strong>Mardi 26 mai de 18h \u00e0 20h<\/strong><\/p>\n","protected":false},"excerpt":{"rendered":"<p>&nbsp; Le cap des 550 abonn\u00e9s vient d\u2019\u00eatre d\u00e9pass\u00e9 ! Merci \u00e0 tous ces supporters ! Le RFCL est heureux et fier de compter sur un tel soutien \u00e0 ce moment de l\u2019ann\u00e9e ! Nous invitons tous ceux qui h\u00e9sitent \u00e0 les rejoindre ! Pour rappel, les abonn\u00e9s 2019-2020 en tribune assise restent prioritaires jusqu\u2019au [&hellip;]<\/p>\n","protected":false},"author":12,"featured_media":14921,"comment_status":"closed","ping_status":"closed","sticky":false,"template":"","format":"standard","meta":{"iawp_total_views":0},"categories":[24,28],"tags":[],"_links":{"self":[{"href":"https:\/\/fcliege.be\/fr\/wp-json\/wp\/v2\/posts\/14920"}],"collection":[{"href":"https:\/\/fcliege.be\/fr\/wp-json\/wp\/v2\/posts"}],"about":[{"href":"https:\/\/fcliege.be\/fr\/wp-json\/wp\/v2\/types\/post"}],"author":[{"embeddable":true,"href":"https:\/\/fcliege.be\/fr\/wp-json\/wp\/v2\/users\/12"}],"replies":[{"embeddable":true,"href":"https:\/\/fcliege.be\/fr\/wp-json\/wp\/v2\/comments?post=14920"}],"version-history":[{"count":21,"href":"https:\/\/fcliege.be\/fr\/wp-json\/wp\/v2\/posts\/14920\/revisions"}],"predecessor-version":[{"id":14942,"href":"https:\/\/fcliege.be\/fr\/wp-json\/wp\/v2\/posts\/14920\/revisions\/14942"}],"wp:featuredmedia":[{"embeddable":true,"href":"https:\/\/fcliege.be\/fr\/wp-json\/wp\/v2\/media\/14921"}],"wp:attachment":[{"href":"https:\/\/fcliege.be\/fr\/wp-json\/wp\/v2\/media?parent=14920"}],"wp:term":[{"taxonomy":"category","embeddable":true,"href":"https:\/\/fcliege.be\/fr\/wp-json\/wp\/v2\/categories?post=14920"},{"taxonomy":"post_tag","embeddable":true,"href":"https:\/\/fcliege.be\/fr\/wp-json\/wp\/v2\/tags?post=14920"}],"curies":[{"name":"wp","href":"https:\/\/api.w.org\/{rel}","templated":true}]}}