{"id":14943,"date":"2020-05-19T10:00:50","date_gmt":"2020-05-19T08:00:50","guid":{"rendered":"http:\/\/fcliege.be\/fr\/?p=14943"},"modified":"2020-11-17T18:46:21","modified_gmt":"2020-11-17T16:46:21","slug":"quiz-il-y-a-30-ans-la-victoire-en-coupe","status":"publish","type":"post","link":"https:\/\/fcliege.be\/fr\/quiz-il-y-a-30-ans-la-victoire-en-coupe\/","title":{"rendered":"Quiz | Il y a 30 ans&#8230; la victoire en coupe !"},"content":{"rendered":"<p>&nbsp;<\/p>\n<h4>Il y a 30 ans, le 19 mai 1990, le FC Li\u00e8ge remportait la finale de la coupe de Belgique face au Germinal Ekeren !<\/h4>\n<p>Apr\u00e8s une ouverture du score sign\u00e9e Luc <strong>Ernes<\/strong> (1-0) et une \u00e9galisation de Gunter Hofmans (1-1), c&rsquo;est Neba <strong>Malbasa<\/strong> qui inscrivait le but de la d\u00e9livrance (2-1) pour les Sang &amp; Marine de Robert <strong>Waseige<\/strong>.<\/p>\n<p>La seule coupe de Belgique remport\u00e9e \u00e0 ce jour par notre club.<\/p>\n<p><iframe id=\"spFrame5ec333b5a4fd8\" style=\"width: 100%;\" src=\"https:\/\/www.sporcle.com\/framed\/?v=8&amp;pm&amp;gid=1c86e7de486b&amp;fid=5ec333b5a4fd8&amp;width=580\" frameborder=\"0\" marginwidth=\"0\" marginheight=\"0\" scrolling=\"no\"><\/iframe><br \/>\n<script type=\"text\/javascript\" src=\"https:\/\/www.sporcle.com\/embed\/embed.js?v=5ec333b5a4fd8\"><\/script><\/p>\n","protected":false},"excerpt":{"rendered":"<p>&nbsp; Il y a 30 ans, le 19 mai 1990, le FC Li\u00e8ge remportait la finale de la coupe de Belgique face au Germinal Ekeren ! Apr\u00e8s une ouverture du score sign\u00e9e Luc Ernes (1-0) et une \u00e9galisation de Gunter Hofmans (1-1), c&rsquo;est Neba Malbasa qui inscrivait le but de la d\u00e9livrance (2-1) pour les [&hellip;]<\/p>\n","protected":false},"author":12,"featured_media":14954,"comment_status":"closed","ping_status":"closed","sticky":false,"template":"","format":"standard","meta":{"iawp_total_views":10},"categories":[24,35,28],"tags":[],"_links":{"self":[{"href":"https:\/\/fcliege.be\/fr\/wp-json\/wp\/v2\/posts\/14943"}],"collection":[{"href":"https:\/\/fcliege.be\/fr\/wp-json\/wp\/v2\/posts"}],"about":[{"href":"https:\/\/fcliege.be\/fr\/wp-json\/wp\/v2\/types\/post"}],"author":[{"embeddable":true,"href":"https:\/\/fcliege.be\/fr\/wp-json\/wp\/v2\/users\/12"}],"replies":[{"embeddable":true,"href":"https:\/\/fcliege.be\/fr\/wp-json\/wp\/v2\/comments?post=14943"}],"version-history":[{"count":9,"href":"https:\/\/fcliege.be\/fr\/wp-json\/wp\/v2\/posts\/14943\/revisions"}],"predecessor-version":[{"id":16226,"href":"https:\/\/fcliege.be\/fr\/wp-json\/wp\/v2\/posts\/14943\/revisions\/16226"}],"wp:featuredmedia":[{"embeddable":true,"href":"https:\/\/fcliege.be\/fr\/wp-json\/wp\/v2\/media\/14954"}],"wp:attachment":[{"href":"https:\/\/fcliege.be\/fr\/wp-json\/wp\/v2\/media?parent=14943"}],"wp:term":[{"taxonomy":"category","embeddable":true,"href":"https:\/\/fcliege.be\/fr\/wp-json\/wp\/v2\/categories?post=14943"},{"taxonomy":"post_tag","embeddable":true,"href":"https:\/\/fcliege.be\/fr\/wp-json\/wp\/v2\/tags?post=14943"}],"curies":[{"name":"wp","href":"https:\/\/api.w.org\/{rel}","templated":true}]}}