{"id":14955,"date":"2020-05-19T13:55:37","date_gmt":"2020-05-19T11:55:37","guid":{"rendered":"http:\/\/fcliege.be\/fr\/?p=14955"},"modified":"2020-05-19T13:57:03","modified_gmt":"2020-05-19T11:57:03","slug":"14955-2","status":"publish","type":"post","link":"https:\/\/fcliege.be\/fr\/14955-2\/","title":{"rendered":"30 ans de la coupe | Deux petites surprises pour les supporters"},"content":{"rendered":"<p>&nbsp;<\/p>\n<p>Le 19 mai 1990, il y a 30 ans jour pour jour, c\u2019\u00e9tait la f\u00eate \u00e0 Rocourt avec la victoire en Coupe de Belgique.<\/p>\n<p>3 d\u00e9cennies plus tard, la situation nous emp\u00eache de faire la f\u00eate mais la coupe et les souvenirs sont toujours l\u00e0 !<\/p>\n<p>Luc <strong>Ernes<\/strong>, un des h\u00e9ros du Heysel a tenu \u00e0 faire un crochet par Rocourt aujourd\u2019hui et se rem\u00e9morer ces moments magiques avec la coupe dans les bras !!<\/p>\n<p>A d\u00e9faut de pouvoir faire une grande f\u00eate, le club a tout de m\u00eame d\u00e9cid\u00e9 de marquer le coup avec deux petites surprises.<\/p>\n<p>La premi\u00e8re c\u2019est de placer la Coupe de Belgique pr\u00e8s du guichet lors de la remise des masques aux abonn\u00e9s ce mardi entre 18 et 20h \u00e0 Rocourt. Attention, les r\u00e8gles sanitaires devront \u00eatre respect\u00e9es !<\/p>\n<p>Pour la seconde, on vous donne rendez-vous \u00e0 18h sur la <a href=\"http:\/\/www.facebook.com\/rfcliege\" target=\"_blank\" rel=\"noopener\">page Facebook<\/a> du RFC Li\u00e8ge !<\/p>\n","protected":false},"excerpt":{"rendered":"<p>&nbsp; Le 19 mai 1990, il y a 30 ans jour pour jour, c\u2019\u00e9tait la f\u00eate \u00e0 Rocourt avec la victoire en Coupe de Belgique. 3 d\u00e9cennies plus tard, la situation nous emp\u00eache de faire la f\u00eate mais la coupe et les souvenirs sont toujours l\u00e0 ! Luc Ernes, un des h\u00e9ros du Heysel a [&hellip;]<\/p>\n","protected":false},"author":12,"featured_media":14959,"comment_status":"closed","ping_status":"closed","sticky":false,"template":"","format":"standard","meta":{"iawp_total_views":1},"categories":[24,35],"tags":[],"_links":{"self":[{"href":"https:\/\/fcliege.be\/fr\/wp-json\/wp\/v2\/posts\/14955"}],"collection":[{"href":"https:\/\/fcliege.be\/fr\/wp-json\/wp\/v2\/posts"}],"about":[{"href":"https:\/\/fcliege.be\/fr\/wp-json\/wp\/v2\/types\/post"}],"author":[{"embeddable":true,"href":"https:\/\/fcliege.be\/fr\/wp-json\/wp\/v2\/users\/12"}],"replies":[{"embeddable":true,"href":"https:\/\/fcliege.be\/fr\/wp-json\/wp\/v2\/comments?post=14955"}],"version-history":[{"count":5,"href":"https:\/\/fcliege.be\/fr\/wp-json\/wp\/v2\/posts\/14955\/revisions"}],"predecessor-version":[{"id":14962,"href":"https:\/\/fcliege.be\/fr\/wp-json\/wp\/v2\/posts\/14955\/revisions\/14962"}],"wp:featuredmedia":[{"embeddable":true,"href":"https:\/\/fcliege.be\/fr\/wp-json\/wp\/v2\/media\/14959"}],"wp:attachment":[{"href":"https:\/\/fcliege.be\/fr\/wp-json\/wp\/v2\/media?parent=14955"}],"wp:term":[{"taxonomy":"category","embeddable":true,"href":"https:\/\/fcliege.be\/fr\/wp-json\/wp\/v2\/categories?post=14955"},{"taxonomy":"post_tag","embeddable":true,"href":"https:\/\/fcliege.be\/fr\/wp-json\/wp\/v2\/tags?post=14955"}],"curies":[{"name":"wp","href":"https:\/\/api.w.org\/{rel}","templated":true}]}}