{"id":15021,"date":"2020-06-08T17:00:29","date_gmt":"2020-06-08T15:00:29","guid":{"rendered":"http:\/\/fcliege.be\/fr\/?p=15021"},"modified":"2020-06-10T11:46:44","modified_gmt":"2020-06-10T09:46:44","slug":"2020-2021-melvin-renquin-rejoint-le-rfcl","status":"publish","type":"post","link":"https:\/\/fcliege.be\/fr\/2020-2021-melvin-renquin-rejoint-le-rfcl\/","title":{"rendered":"2020-2021 | Melvin Renquin rejoint le RFCL"},"content":{"rendered":"<p>&nbsp;<\/p>\n<p>La direction du RFC Li\u00e8ge poursuit son travail de pr\u00e9paration de la prochaine saison et renforce encore son noyau avec l\u2019arriv\u00e9e pour une saison de Melvin <strong>Renquin<\/strong>, un milieu offensif fran\u00e7ais de bient\u00f4t 23 ans.<\/p>\n<p>N\u00e9 \u00e0 Tourcoing le 27 juin 1997, Melvin Renquin a \u00e9t\u00e9 form\u00e9 \u00e0 Dunkerque pour \u00e9voluer jusqu\u2019en Nationale avant de d\u00e9barquer en Belgique aux Francs Borains et ensuite \u00e0 la RAAL la saison pass\u00e9e.<\/p>\n<p>A l\u2019aise que ce soit du pied droit ou du pied gauche, Melvin, cousin de l\u2019ancien Diable Rouge Michel Renquin, est un v\u00e9ritable num\u00e9ro 10 qui peut \u00e9galement \u00e9voluer comme ailier gauche ou ailier droit. La saison derni\u00e8re, il a \u00e9t\u00e9 titulaire 18 fois sur 23 matches possibles. Il a inscrit 10 buts et d\u00e9livr\u00e9 5 passes d\u00e9cisives.<\/p>\n<p>En signant pour une saison \u00e0 Li\u00e8ge, Melvin, courtis\u00e9 par de nombreux clubs de la s\u00e9rie, sait qu\u2019il franchit un cap dans sa carri\u00e8re :<\/p>\n<p><em>\u00ab Pour un Fran\u00e7ais, Li\u00e8ge repr\u00e9sente quelque chose. C\u2019est un club historique avec des supporters qui mettent une ambiance \u00e9norme. C\u2019est id\u00e9al pour moi car je souhaite monter d\u2019un niveau et comme le club a clairement de l\u2019ambition, c\u2019est le challenge qu\u2019il me faut. Mon objectif est de faire ma place dans cette \u00e9quipe et de finir la saison dans le haut du tableau. J\u2019ai fait le choix de quitter ma famille et de m\u2019installer \u00e0 Li\u00e8ge. Je me donne toutes les chances pour r\u00e9ussir. \u00bb<\/em><\/p>\n<p>Le RFC Li\u00e8ge souhaite la bienvenue \u00e0 Melvin Renquin et lui souhaite tout le succ\u00e8s possible sous ses nouvelles couleurs !<\/p>\n","protected":false},"excerpt":{"rendered":"<p>&nbsp; La direction du RFC Li\u00e8ge poursuit son travail de pr\u00e9paration de la prochaine saison et renforce encore son noyau avec l\u2019arriv\u00e9e pour une saison de Melvin Renquin, un milieu offensif fran\u00e7ais de bient\u00f4t 23 ans. N\u00e9 \u00e0 Tourcoing le 27 juin 1997, Melvin Renquin a \u00e9t\u00e9 form\u00e9 \u00e0 Dunkerque pour \u00e9voluer jusqu\u2019en Nationale avant [&hellip;]<\/p>\n","protected":false},"author":12,"featured_media":15041,"comment_status":"closed","ping_status":"closed","sticky":false,"template":"","format":"standard","meta":{"iawp_total_views":11},"categories":[24,26],"tags":[],"_links":{"self":[{"href":"https:\/\/fcliege.be\/fr\/wp-json\/wp\/v2\/posts\/15021"}],"collection":[{"href":"https:\/\/fcliege.be\/fr\/wp-json\/wp\/v2\/posts"}],"about":[{"href":"https:\/\/fcliege.be\/fr\/wp-json\/wp\/v2\/types\/post"}],"author":[{"embeddable":true,"href":"https:\/\/fcliege.be\/fr\/wp-json\/wp\/v2\/users\/12"}],"replies":[{"embeddable":true,"href":"https:\/\/fcliege.be\/fr\/wp-json\/wp\/v2\/comments?post=15021"}],"version-history":[{"count":4,"href":"https:\/\/fcliege.be\/fr\/wp-json\/wp\/v2\/posts\/15021\/revisions"}],"predecessor-version":[{"id":15027,"href":"https:\/\/fcliege.be\/fr\/wp-json\/wp\/v2\/posts\/15021\/revisions\/15027"}],"wp:featuredmedia":[{"embeddable":true,"href":"https:\/\/fcliege.be\/fr\/wp-json\/wp\/v2\/media\/15041"}],"wp:attachment":[{"href":"https:\/\/fcliege.be\/fr\/wp-json\/wp\/v2\/media?parent=15021"}],"wp:term":[{"taxonomy":"category","embeddable":true,"href":"https:\/\/fcliege.be\/fr\/wp-json\/wp\/v2\/categories?post=15021"},{"taxonomy":"post_tag","embeddable":true,"href":"https:\/\/fcliege.be\/fr\/wp-json\/wp\/v2\/tags?post=15021"}],"curies":[{"name":"wp","href":"https:\/\/api.w.org\/{rel}","templated":true}]}}