{"id":15135,"date":"2020-06-26T17:54:14","date_gmt":"2020-06-26T15:54:14","guid":{"rendered":"http:\/\/fcliege.be\/fr\/?p=15135"},"modified":"2020-07-02T21:32:15","modified_gmt":"2020-07-02T19:32:15","slug":"supporters-inscriptions-pour-les-entrainements-et-le-fan-talk","status":"publish","type":"post","link":"https:\/\/fcliege.be\/fr\/supporters-inscriptions-pour-les-entrainements-et-le-fan-talk\/","title":{"rendered":"Supporters | Inscriptions pour les entra\u00eenements et le fan talk"},"content":{"rendered":"<p>&nbsp;<\/p>\n<h4>ENTRA\u00ceNEMENTS<\/h4>\n<p>La reprise des entra\u00eenements de l\u2019\u00e9quipe premi\u00e8re aura lieu le mercredi 1er juillet \u00e0 Rocourt.<\/p>\n<p>Deux sessions d\u2019entra\u00eenements seront accessibles au public :<\/p>\n<p><strong>&#8211; Mercredi 1er juillet \u00e0 16h<\/strong><br \/>\n<strong>&#8211; Samedi 4 juillet \u00e0 10h30<\/strong><\/p>\n<p>Conform\u00e9ment au protocole pour les \u00e9v\u00e9nements sportifs, <strong>400 personnes<\/strong> auront la possibilit\u00e9 d\u2019acc\u00e9der au stade. Pour ce faire, il faut IMP\u00c9RATIVEMENT s\u2019inscrire via notre formulaire jusque mardi 30 juin \u00e0 22h.<\/p>\n<p><strong><a href=\"https:\/\/docs.google.com\/forms\/d\/e\/1FAIpQLScSI84gFnCBI7GaFXhnsn6sUe5XhH8nC3HIJoz5dX9PAAFJIA\/viewform\" target=\"_blank\" rel=\"noopener\">&gt;&gt;&gt; CLIQUEZ ICI POUR VOUS INSCRIRE<\/a><\/strong><\/p>\n<p>La priorit\u00e9 est donn\u00e9e aux <strong>abonn\u00e9s<\/strong> mais les autres pourront s\u2019inscrire ensuite s&rsquo;il reste de la place.<\/p>\n<p>Pour permettre au plus grand nombre d\u2019assister \u00e0 ces deux s\u00e9ances publiques,<strong> il est demand\u00e9 de ne s\u2019inscrire que pour un seul entra\u00eenement<\/strong>. D\u2019autres dates seront \u00e0 nouveau propos\u00e9es dans le courant du mois de juillet.<\/p>\n<p>Il sera possible de boire un verre dans le chapiteau. Celui-ci sera ouvert et organis\u00e9 comme l\u2019exige le protocole pour l\u2019horeca. Service \u00e0 table UNIQUEMENT.<\/p>\n<p>Le fanshop sera ouvert \u00e0 l&rsquo;occasion de ces deux entra\u00eenements.<\/p>\n<h4>FAN TALK<\/h4>\n<p>Comme le veut la tradition \u00e0 chaque d\u00e9but de saison, la direction du club invite ses supporters-abonn\u00e9s au premier fan talk de la saison. Celui-ci aura lieu le <strong>vendredi 3 juillet \u00e0 19h<\/strong> dans le chapiteau de Rocourt.<\/p>\n<p>Conform\u00e9ment au protocole,<strong> 200 personnes<\/strong> auront la possibilit\u00e9 d\u2019acc\u00e9der au chapiteau.<\/p>\n<p>M\u00eame si le fan talk est <strong>exclusivement r\u00e9serv\u00e9 aux abonn\u00e9s<\/strong>, Il est \u00e9galement IMP\u00c9RATIF de s\u2019inscrire via le lien suivant au plus tard pour le jeudi 2 juillet \u00e0 midi.<\/p>\n<p><a href=\"https:\/\/docs.google.com\/forms\/d\/e\/1FAIpQLSc6xborOPOG9EPcUYJSUvKfHC-i2NQkYF5BLGMTSaDiwWCshg\/viewform\" target=\"_blank\" rel=\"noopener\"><strong>&gt;&gt;&gt; CLIQUEZ ICI POUR VOUS INSCRIRE<\/strong><\/a><\/p>\n<p><strong>Ces organisations sont soumises \u00e0 tous changements \u00e9ventuels qui pourraient \u00eatre impos\u00e9es par les autorit\u00e9s.<\/strong><\/p>\n","protected":false},"excerpt":{"rendered":"<p>&nbsp; ENTRA\u00ceNEMENTS La reprise des entra\u00eenements de l\u2019\u00e9quipe premi\u00e8re aura lieu le mercredi 1er juillet \u00e0 Rocourt. Deux sessions d\u2019entra\u00eenements seront accessibles au public : &#8211; Mercredi 1er juillet \u00e0 16h &#8211; Samedi 4 juillet \u00e0 10h30 Conform\u00e9ment au protocole pour les \u00e9v\u00e9nements sportifs, 400 personnes auront la possibilit\u00e9 d\u2019acc\u00e9der au stade. Pour ce faire, [&hellip;]<\/p>\n","protected":false},"author":12,"featured_media":15153,"comment_status":"closed","ping_status":"closed","sticky":false,"template":"","format":"standard","meta":{"iawp_total_views":13},"categories":[28],"tags":[],"_links":{"self":[{"href":"https:\/\/fcliege.be\/fr\/wp-json\/wp\/v2\/posts\/15135"}],"collection":[{"href":"https:\/\/fcliege.be\/fr\/wp-json\/wp\/v2\/posts"}],"about":[{"href":"https:\/\/fcliege.be\/fr\/wp-json\/wp\/v2\/types\/post"}],"author":[{"embeddable":true,"href":"https:\/\/fcliege.be\/fr\/wp-json\/wp\/v2\/users\/12"}],"replies":[{"embeddable":true,"href":"https:\/\/fcliege.be\/fr\/wp-json\/wp\/v2\/comments?post=15135"}],"version-history":[{"count":19,"href":"https:\/\/fcliege.be\/fr\/wp-json\/wp\/v2\/posts\/15135\/revisions"}],"predecessor-version":[{"id":15161,"href":"https:\/\/fcliege.be\/fr\/wp-json\/wp\/v2\/posts\/15135\/revisions\/15161"}],"wp:featuredmedia":[{"embeddable":true,"href":"https:\/\/fcliege.be\/fr\/wp-json\/wp\/v2\/media\/15153"}],"wp:attachment":[{"href":"https:\/\/fcliege.be\/fr\/wp-json\/wp\/v2\/media?parent=15135"}],"wp:term":[{"taxonomy":"category","embeddable":true,"href":"https:\/\/fcliege.be\/fr\/wp-json\/wp\/v2\/categories?post=15135"},{"taxonomy":"post_tag","embeddable":true,"href":"https:\/\/fcliege.be\/fr\/wp-json\/wp\/v2\/tags?post=15135"}],"curies":[{"name":"wp","href":"https:\/\/api.w.org\/{rel}","templated":true}]}}