{"id":15155,"date":"2020-06-30T08:58:50","date_gmt":"2020-06-30T06:58:50","guid":{"rendered":"http:\/\/fcliege.be\/fr\/?p=15155"},"modified":"2020-07-24T16:16:35","modified_gmt":"2020-07-24T14:16:35","slug":"anciens-deces-dalbert-sulon","status":"publish","type":"post","link":"https:\/\/fcliege.be\/fr\/anciens-deces-dalbert-sulon\/","title":{"rendered":"Anciens | D\u00e9c\u00e8s d&rsquo;Albert Sulon"},"content":{"rendered":"<p>&nbsp;<\/p>\n<h4>Le RFC Li\u00e9geois a appris avec \u00e9motion et tristesse le d\u00e9c\u00e8s de Albert <strong>Sulon<\/strong>.<\/h4>\n<p>N\u00e9 le 3 avril 1938,\u00a0Albert Sulon\u00a0a endoss\u00e9 la vareuse Sang et Marine \u00e0 143 reprises entre 1957 et 1959 et ensuite entre 1963 et 1968. Il a marqu\u00e9 un but.<\/p>\n<p>Aux c\u00f4t\u00e9s de son fr\u00e8re jumeau G\u00e9rard, attaquant, il a \u00e9t\u00e9 vice-champion de Belgique en 1959.<\/p>\n<p>Sa carri\u00e8re est riche de 6 s\u00e9lections au sein de l\u2019\u00e9quipe nationale entre 1965 et 1967. Son parcours l\u2019a amen\u00e9 \u00e0 \u00e9voluer \u00e9galement \u00e0 Namur, Jambes et Tilleur.<\/p>\n<p>A sa famille et \u00e0 ses proches, le Royal Football Club Li\u00e9geois adresse ses plus \u00e9mues et sinc\u00e8res condol\u00e9ances.<\/p>\n","protected":false},"excerpt":{"rendered":"<p>&nbsp; Le RFC Li\u00e9geois a appris avec \u00e9motion et tristesse le d\u00e9c\u00e8s de Albert Sulon. N\u00e9 le 3 avril 1938,\u00a0Albert Sulon\u00a0a endoss\u00e9 la vareuse Sang et Marine \u00e0 143 reprises entre 1957 et 1959 et ensuite entre 1963 et 1968. Il a marqu\u00e9 un but. Aux c\u00f4t\u00e9s de son fr\u00e8re jumeau G\u00e9rard, attaquant, il a [&hellip;]<\/p>\n","protected":false},"author":13,"featured_media":14125,"comment_status":"closed","ping_status":"closed","sticky":false,"template":"","format":"standard","meta":{"iawp_total_views":11},"categories":[1],"tags":[],"_links":{"self":[{"href":"https:\/\/fcliege.be\/fr\/wp-json\/wp\/v2\/posts\/15155"}],"collection":[{"href":"https:\/\/fcliege.be\/fr\/wp-json\/wp\/v2\/posts"}],"about":[{"href":"https:\/\/fcliege.be\/fr\/wp-json\/wp\/v2\/types\/post"}],"author":[{"embeddable":true,"href":"https:\/\/fcliege.be\/fr\/wp-json\/wp\/v2\/users\/13"}],"replies":[{"embeddable":true,"href":"https:\/\/fcliege.be\/fr\/wp-json\/wp\/v2\/comments?post=15155"}],"version-history":[{"count":6,"href":"https:\/\/fcliege.be\/fr\/wp-json\/wp\/v2\/posts\/15155\/revisions"}],"predecessor-version":[{"id":15313,"href":"https:\/\/fcliege.be\/fr\/wp-json\/wp\/v2\/posts\/15155\/revisions\/15313"}],"wp:featuredmedia":[{"embeddable":true,"href":"https:\/\/fcliege.be\/fr\/wp-json\/wp\/v2\/media\/14125"}],"wp:attachment":[{"href":"https:\/\/fcliege.be\/fr\/wp-json\/wp\/v2\/media?parent=15155"}],"wp:term":[{"taxonomy":"category","embeddable":true,"href":"https:\/\/fcliege.be\/fr\/wp-json\/wp\/v2\/categories?post=15155"},{"taxonomy":"post_tag","embeddable":true,"href":"https:\/\/fcliege.be\/fr\/wp-json\/wp\/v2\/tags?post=15155"}],"curies":[{"name":"wp","href":"https:\/\/api.w.org\/{rel}","templated":true}]}}