{"id":15162,"date":"2020-07-01T09:00:08","date_gmt":"2020-07-01T07:00:08","guid":{"rendered":"http:\/\/fcliege.be\/fr\/?p=15162"},"modified":"2020-07-13T14:11:13","modified_gmt":"2020-07-13T12:11:13","slug":"jour-de-reprise-a-rocourt-les-infos","status":"publish","type":"post","link":"https:\/\/fcliege.be\/fr\/jour-de-reprise-a-rocourt-les-infos\/","title":{"rendered":"Jour de reprise \u00e0 Rocourt : les infos"},"content":{"rendered":"<p>&nbsp;<\/p>\n<h4>Le premier entra\u00eenement de la saison aura lieu cet apr\u00e8s-midi \u00e0 16h \u00e0 Rocourt.<\/h4>\n<p>Les portes ouvriront \u00e0 <strong>15h45<\/strong>.<\/p>\n<p>Le public, obligatoirement inscrit, entrera par la grille du fanshop et s\u2019installera directement dans la tribune assise sur les si\u00e8ges pr\u00e9vus en respectant la distanciation sociale.<\/p>\n<p>Les chalets-bar seront ferm\u00e9s mais le chapiteau sera ouvert et accessible pendant et apr\u00e8s l\u2019entrainement pour consommer en fonction des r\u00e8gles sanitaires de l\u2019horeca en vigueur avec service \u00e0 table.<\/p>\n<p>Les joueurs passeront quelques minutes apr\u00e8s l\u2019entrainement.<\/p>\n<p>Fermeture des portes pr\u00e9vue \u00e0 <strong>20h<\/strong>.<\/p>\n<p>La direction du RFCL se r\u00e9jouit de revoir son fid\u00e8le public et esp\u00e8re que toutes les r\u00e8gles seront respect\u00e9es par tous.<\/p>\n","protected":false},"excerpt":{"rendered":"<p>&nbsp; Le premier entra\u00eenement de la saison aura lieu cet apr\u00e8s-midi \u00e0 16h \u00e0 Rocourt. Les portes ouvriront \u00e0 15h45. Le public, obligatoirement inscrit, entrera par la grille du fanshop et s\u2019installera directement dans la tribune assise sur les si\u00e8ges pr\u00e9vus en respectant la distanciation sociale. Les chalets-bar seront ferm\u00e9s mais le chapiteau sera ouvert [&hellip;]<\/p>\n","protected":false},"author":13,"featured_media":15163,"comment_status":"closed","ping_status":"closed","sticky":false,"template":"","format":"standard","meta":{"iawp_total_views":0},"categories":[30],"tags":[],"_links":{"self":[{"href":"https:\/\/fcliege.be\/fr\/wp-json\/wp\/v2\/posts\/15162"}],"collection":[{"href":"https:\/\/fcliege.be\/fr\/wp-json\/wp\/v2\/posts"}],"about":[{"href":"https:\/\/fcliege.be\/fr\/wp-json\/wp\/v2\/types\/post"}],"author":[{"embeddable":true,"href":"https:\/\/fcliege.be\/fr\/wp-json\/wp\/v2\/users\/13"}],"replies":[{"embeddable":true,"href":"https:\/\/fcliege.be\/fr\/wp-json\/wp\/v2\/comments?post=15162"}],"version-history":[{"count":8,"href":"https:\/\/fcliege.be\/fr\/wp-json\/wp\/v2\/posts\/15162\/revisions"}],"predecessor-version":[{"id":15171,"href":"https:\/\/fcliege.be\/fr\/wp-json\/wp\/v2\/posts\/15162\/revisions\/15171"}],"wp:featuredmedia":[{"embeddable":true,"href":"https:\/\/fcliege.be\/fr\/wp-json\/wp\/v2\/media\/15163"}],"wp:attachment":[{"href":"https:\/\/fcliege.be\/fr\/wp-json\/wp\/v2\/media?parent=15162"}],"wp:term":[{"taxonomy":"category","embeddable":true,"href":"https:\/\/fcliege.be\/fr\/wp-json\/wp\/v2\/categories?post=15162"},{"taxonomy":"post_tag","embeddable":true,"href":"https:\/\/fcliege.be\/fr\/wp-json\/wp\/v2\/tags?post=15162"}],"curies":[{"name":"wp","href":"https:\/\/api.w.org\/{rel}","templated":true}]}}