{"id":15223,"date":"2020-09-05T12:02:03","date_gmt":"2020-09-05T10:02:03","guid":{"rendered":"http:\/\/fcliege.be\/fr\/?p=15223"},"modified":"2020-09-07T11:29:24","modified_gmt":"2020-09-07T09:29:24","slug":"coupe-le-rfcl-recevra-waremme-gouvy-ou-bercheux","status":"publish","type":"post","link":"https:\/\/fcliege.be\/fr\/coupe-le-rfcl-recevra-waremme-gouvy-ou-bercheux\/","title":{"rendered":"Coupe | Le RFCL recevra Waremme"},"content":{"rendered":"<p>&nbsp;<\/p>\n<p>Le RFCL entrera en lice au troisi\u00e8me tour de la coupe de Belgique le <strong>dimanche 13 septembre \u00e0 16h<\/strong>.<\/p>\n<p>Ce sera \u00e0 Rocourt face au <strong>Stade Waremmien.<\/strong><\/p>\n<p>En cas de qualification, Li\u00e8ge jouera son quatri\u00e8me tour en d\u00e9placement.<\/p>\n","protected":false},"excerpt":{"rendered":"<p>&nbsp; Le RFCL entrera en lice au troisi\u00e8me tour de la coupe de Belgique le dimanche 13 septembre \u00e0 16h. Ce sera \u00e0 Rocourt face au Stade Waremmien. En cas de qualification, Li\u00e8ge jouera son quatri\u00e8me tour en d\u00e9placement.<\/p>\n","protected":false},"author":12,"featured_media":15227,"comment_status":"closed","ping_status":"closed","sticky":false,"template":"","format":"standard","meta":{"iawp_total_views":0},"categories":[24,26],"tags":[],"_links":{"self":[{"href":"https:\/\/fcliege.be\/fr\/wp-json\/wp\/v2\/posts\/15223"}],"collection":[{"href":"https:\/\/fcliege.be\/fr\/wp-json\/wp\/v2\/posts"}],"about":[{"href":"https:\/\/fcliege.be\/fr\/wp-json\/wp\/v2\/types\/post"}],"author":[{"embeddable":true,"href":"https:\/\/fcliege.be\/fr\/wp-json\/wp\/v2\/users\/12"}],"replies":[{"embeddable":true,"href":"https:\/\/fcliege.be\/fr\/wp-json\/wp\/v2\/comments?post=15223"}],"version-history":[{"count":15,"href":"https:\/\/fcliege.be\/fr\/wp-json\/wp\/v2\/posts\/15223\/revisions"}],"predecessor-version":[{"id":15616,"href":"https:\/\/fcliege.be\/fr\/wp-json\/wp\/v2\/posts\/15223\/revisions\/15616"}],"wp:featuredmedia":[{"embeddable":true,"href":"https:\/\/fcliege.be\/fr\/wp-json\/wp\/v2\/media\/15227"}],"wp:attachment":[{"href":"https:\/\/fcliege.be\/fr\/wp-json\/wp\/v2\/media?parent=15223"}],"wp:term":[{"taxonomy":"category","embeddable":true,"href":"https:\/\/fcliege.be\/fr\/wp-json\/wp\/v2\/categories?post=15223"},{"taxonomy":"post_tag","embeddable":true,"href":"https:\/\/fcliege.be\/fr\/wp-json\/wp\/v2\/tags?post=15223"}],"curies":[{"name":"wp","href":"https:\/\/api.w.org\/{rel}","templated":true}]}}