{"id":15548,"date":"2020-08-27T18:00:05","date_gmt":"2020-08-27T16:00:05","guid":{"rendered":"http:\/\/fcliege.be\/fr\/?p=15548"},"modified":"2020-08-27T17:33:27","modified_gmt":"2020-08-27T15:33:27","slug":"amicaux-rocourt-accueillera-verlaine-et-vise","status":"publish","type":"post","link":"https:\/\/fcliege.be\/fr\/amicaux-rocourt-accueillera-verlaine-et-vise\/","title":{"rendered":"Amicaux | Rocourt accueillera Verlaine et Vis\u00e9"},"content":{"rendered":"<h4><\/h4>\n<h4>Le RFCL recevra Verlaine le mardi 1er septembre \u00e0 20h et Vis\u00e9 le mardi 8 septembre \u00e0 19h30.<\/h4>\n<p>Le nombre de spectateurs est limit\u00e9 \u00e0 400.<\/p>\n<p>Informations \u00e0 venir pour les inscriptions.<\/p>\n<p>Vu les distanciations sanitaires, les abonn\u00e9s en tribune assise ne pourront pas s&rsquo;asseoir \u00e0 leur place attitr\u00e9e.<\/p>\n<p>Port du masque obligatoire.<\/p>\n","protected":false},"excerpt":{"rendered":"<p>Le RFCL recevra Verlaine le mardi 1er septembre \u00e0 20h et Vis\u00e9 le mardi 8 septembre \u00e0 19h30. Le nombre de spectateurs est limit\u00e9 \u00e0 400. Informations \u00e0 venir pour les inscriptions. Vu les distanciations sanitaires, les abonn\u00e9s en tribune assise ne pourront pas s&rsquo;asseoir \u00e0 leur place attitr\u00e9e. Port du masque obligatoire.<\/p>\n","protected":false},"author":13,"featured_media":15549,"comment_status":"closed","ping_status":"closed","sticky":false,"template":"","format":"standard","meta":{"iawp_total_views":4},"categories":[30,24,26],"tags":[],"_links":{"self":[{"href":"https:\/\/fcliege.be\/fr\/wp-json\/wp\/v2\/posts\/15548"}],"collection":[{"href":"https:\/\/fcliege.be\/fr\/wp-json\/wp\/v2\/posts"}],"about":[{"href":"https:\/\/fcliege.be\/fr\/wp-json\/wp\/v2\/types\/post"}],"author":[{"embeddable":true,"href":"https:\/\/fcliege.be\/fr\/wp-json\/wp\/v2\/users\/13"}],"replies":[{"embeddable":true,"href":"https:\/\/fcliege.be\/fr\/wp-json\/wp\/v2\/comments?post=15548"}],"version-history":[{"count":2,"href":"https:\/\/fcliege.be\/fr\/wp-json\/wp\/v2\/posts\/15548\/revisions"}],"predecessor-version":[{"id":15551,"href":"https:\/\/fcliege.be\/fr\/wp-json\/wp\/v2\/posts\/15548\/revisions\/15551"}],"wp:featuredmedia":[{"embeddable":true,"href":"https:\/\/fcliege.be\/fr\/wp-json\/wp\/v2\/media\/15549"}],"wp:attachment":[{"href":"https:\/\/fcliege.be\/fr\/wp-json\/wp\/v2\/media?parent=15548"}],"wp:term":[{"taxonomy":"category","embeddable":true,"href":"https:\/\/fcliege.be\/fr\/wp-json\/wp\/v2\/categories?post=15548"},{"taxonomy":"post_tag","embeddable":true,"href":"https:\/\/fcliege.be\/fr\/wp-json\/wp\/v2\/tags?post=15548"}],"curies":[{"name":"wp","href":"https:\/\/api.w.org\/{rel}","templated":true}]}}