{"id":15576,"date":"2020-08-31T21:27:34","date_gmt":"2020-08-31T19:27:34","guid":{"rendered":"http:\/\/fcliege.be\/fr\/?p=15576"},"modified":"2020-09-02T10:21:59","modified_gmt":"2020-09-02T08:21:59","slug":"2020-2021-loic-besson-signe-au-rfcl","status":"publish","type":"post","link":"https:\/\/fcliege.be\/fr\/2020-2021-loic-besson-signe-au-rfcl\/","title":{"rendered":"2020-2021 | Lo\u00efc Besson signe au RFCL"},"content":{"rendered":"<p>&nbsp;<\/p>\n<h4>Le RFCL est heureux d\u2019annoncer l\u2019arriv\u00e9e de Lo\u00efc Besson, un m\u00e9dian d\u00e9fensif de 21 ans.<\/h4>\n<p>Originaire de Malonne o\u00f9 il a fait ses classes, Lo\u00efc Besson est pass\u00e9 par l\u2019UR Namur puis Ciney o\u00f9 il a \u00e9volu\u00e9 en D2 Amateur avant de rejoindre l\u2019Excelsior Virton en 2018-2019. V\u00e9ritable espoir du club gaumais, il a fait \u00e9tat de sa technique, de son agressivit\u00e9 et de sa bonne vision du jeu principalement dans le groupe des U21.<\/p>\n<p>En recherche de temps de jeu, le jeune Besson est ravi de rejoindre le Matricule 4.<\/p>\n<p><em>\u00ab\u00a0Tout d\u2019abord pour les supporters. Ils sont r\u00e9put\u00e9s pour faire beaucoup de bruit et je me r\u00e9jouis de jouer devant eux. Et puis Li\u00e8ge est un des clubs phares de la ville et qui dispose de personnes comp\u00e9tentes qui le g\u00e8rent bien. Drazen <strong>Brcnic<\/strong>, Ga\u00ebtan <strong>Englebert<\/strong>, ce sont des gens comp\u00e9tents qui connaissent le football. Mon objectif est de jouer le plus de matchs possible et de progresser\u00a0\u00bb.<\/em><\/p>\n<p>Lo\u00efc Besson s\u2019est engag\u00e9 pour 1 saison.<\/p>\n<p>La direction du RFCL lui souhaite la bienvenue et le meilleur sous ses nouvelles couleurs.<\/p>\n","protected":false},"excerpt":{"rendered":"<p>&nbsp; Le RFCL est heureux d\u2019annoncer l\u2019arriv\u00e9e de Lo\u00efc Besson, un m\u00e9dian d\u00e9fensif de 21 ans. Originaire de Malonne o\u00f9 il a fait ses classes, Lo\u00efc Besson est pass\u00e9 par l\u2019UR Namur puis Ciney o\u00f9 il a \u00e9volu\u00e9 en D2 Amateur avant de rejoindre l\u2019Excelsior Virton en 2018-2019. V\u00e9ritable espoir du club gaumais, il a [&hellip;]<\/p>\n","protected":false},"author":12,"featured_media":15605,"comment_status":"closed","ping_status":"closed","sticky":false,"template":"","format":"standard","meta":{"iawp_total_views":2},"categories":[24,26],"tags":[],"_links":{"self":[{"href":"https:\/\/fcliege.be\/fr\/wp-json\/wp\/v2\/posts\/15576"}],"collection":[{"href":"https:\/\/fcliege.be\/fr\/wp-json\/wp\/v2\/posts"}],"about":[{"href":"https:\/\/fcliege.be\/fr\/wp-json\/wp\/v2\/types\/post"}],"author":[{"embeddable":true,"href":"https:\/\/fcliege.be\/fr\/wp-json\/wp\/v2\/users\/12"}],"replies":[{"embeddable":true,"href":"https:\/\/fcliege.be\/fr\/wp-json\/wp\/v2\/comments?post=15576"}],"version-history":[{"count":6,"href":"https:\/\/fcliege.be\/fr\/wp-json\/wp\/v2\/posts\/15576\/revisions"}],"predecessor-version":[{"id":15582,"href":"https:\/\/fcliege.be\/fr\/wp-json\/wp\/v2\/posts\/15576\/revisions\/15582"}],"wp:featuredmedia":[{"embeddable":true,"href":"https:\/\/fcliege.be\/fr\/wp-json\/wp\/v2\/media\/15605"}],"wp:attachment":[{"href":"https:\/\/fcliege.be\/fr\/wp-json\/wp\/v2\/media?parent=15576"}],"wp:term":[{"taxonomy":"category","embeddable":true,"href":"https:\/\/fcliege.be\/fr\/wp-json\/wp\/v2\/categories?post=15576"},{"taxonomy":"post_tag","embeddable":true,"href":"https:\/\/fcliege.be\/fr\/wp-json\/wp\/v2\/tags?post=15576"}],"curies":[{"name":"wp","href":"https:\/\/api.w.org\/{rel}","templated":true}]}}