{"id":15902,"date":"2020-10-02T16:35:42","date_gmt":"2020-10-02T14:35:42","guid":{"rendered":"http:\/\/fcliege.be\/fr\/?p=15902"},"modified":"2020-10-02T16:36:47","modified_gmt":"2020-10-02T14:36:47","slug":"rocourt-les-nouvelles-tribunes-sont-pretes","status":"publish","type":"post","link":"https:\/\/fcliege.be\/fr\/rocourt-les-nouvelles-tribunes-sont-pretes\/","title":{"rendered":"Rocourt | Les nouvelles tribunes sont pr\u00eates"},"content":{"rendered":"<p>&nbsp;<\/p>\n<h4>D\u00e9fi relev\u00e9, Rocourt est pr\u00eat !<\/h4>\n<p>Pas de match ce week-end mais les nouvelles tribunes ont bien \u00e9t\u00e9 install\u00e9es pour vous accueillir dans les meilleures conditions, et le respect des r\u00e8gles sanitaires, lors des prochaines \u00e9ch\u00e9ances.<\/p>\n<p>L&rsquo;une c\u00f4t\u00e9 \u00ab\u00a0visiteurs\u00a0\u00bb, l\u2019autre en prolongement de la tribune assise.<\/p>\n<p><img decoding=\"async\" loading=\"lazy\" class=\"aligncenter wp-image-15906 size-full\" src=\"https:\/\/fcliege.be\/fr\/wp-content\/uploads\/2020\/10\/WhatsApp-Image-2020-10-02-at-16.14.15.jpeg\" alt=\"\" width=\"1920\" height=\"1440\" srcset=\"https:\/\/fcliege.be\/fr\/wp-content\/uploads\/2020\/10\/WhatsApp-Image-2020-10-02-at-16.14.15.jpeg 1920w, https:\/\/fcliege.be\/fr\/wp-content\/uploads\/2020\/10\/WhatsApp-Image-2020-10-02-at-16.14.15-300x225.jpeg 300w, https:\/\/fcliege.be\/fr\/wp-content\/uploads\/2020\/10\/WhatsApp-Image-2020-10-02-at-16.14.15-768x576.jpeg 768w, https:\/\/fcliege.be\/fr\/wp-content\/uploads\/2020\/10\/WhatsApp-Image-2020-10-02-at-16.14.15-1024x768.jpeg 1024w\" sizes=\"(max-width: 1920px) 100vw, 1920px\" \/><\/p>\n","protected":false},"excerpt":{"rendered":"<p>&nbsp; D\u00e9fi relev\u00e9, Rocourt est pr\u00eat ! Pas de match ce week-end mais les nouvelles tribunes ont bien \u00e9t\u00e9 install\u00e9es pour vous accueillir dans les meilleures conditions, et le respect des r\u00e8gles sanitaires, lors des prochaines \u00e9ch\u00e9ances. L&rsquo;une c\u00f4t\u00e9 \u00ab\u00a0visiteurs\u00a0\u00bb, l\u2019autre en prolongement de la tribune assise.<\/p>\n","protected":false},"author":12,"featured_media":15904,"comment_status":"closed","ping_status":"closed","sticky":false,"template":"","format":"standard","meta":{"iawp_total_views":63},"categories":[24,33,28],"tags":[],"_links":{"self":[{"href":"https:\/\/fcliege.be\/fr\/wp-json\/wp\/v2\/posts\/15902"}],"collection":[{"href":"https:\/\/fcliege.be\/fr\/wp-json\/wp\/v2\/posts"}],"about":[{"href":"https:\/\/fcliege.be\/fr\/wp-json\/wp\/v2\/types\/post"}],"author":[{"embeddable":true,"href":"https:\/\/fcliege.be\/fr\/wp-json\/wp\/v2\/users\/12"}],"replies":[{"embeddable":true,"href":"https:\/\/fcliege.be\/fr\/wp-json\/wp\/v2\/comments?post=15902"}],"version-history":[{"count":3,"href":"https:\/\/fcliege.be\/fr\/wp-json\/wp\/v2\/posts\/15902\/revisions"}],"predecessor-version":[{"id":15908,"href":"https:\/\/fcliege.be\/fr\/wp-json\/wp\/v2\/posts\/15902\/revisions\/15908"}],"wp:featuredmedia":[{"embeddable":true,"href":"https:\/\/fcliege.be\/fr\/wp-json\/wp\/v2\/media\/15904"}],"wp:attachment":[{"href":"https:\/\/fcliege.be\/fr\/wp-json\/wp\/v2\/media?parent=15902"}],"wp:term":[{"taxonomy":"category","embeddable":true,"href":"https:\/\/fcliege.be\/fr\/wp-json\/wp\/v2\/categories?post=15902"},{"taxonomy":"post_tag","embeddable":true,"href":"https:\/\/fcliege.be\/fr\/wp-json\/wp\/v2\/tags?post=15902"}],"curies":[{"name":"wp","href":"https:\/\/api.w.org\/{rel}","templated":true}]}}