{"id":16246,"date":"2020-12-04T19:00:17","date_gmt":"2020-12-04T17:00:17","guid":{"rendered":"http:\/\/fcliege.be\/fr\/?p=16246"},"modified":"2020-12-04T18:30:40","modified_gmt":"2020-12-04T16:30:40","slug":"rfcl-tv-interview-de-jean-paul-lacomble-2","status":"publish","type":"post","link":"https:\/\/fcliege.be\/fr\/rfcl-tv-interview-de-jean-paul-lacomble-2\/","title":{"rendered":"RFCL TV | Interview de Jean-Paul Lacomble"},"content":{"rendered":"<p>&nbsp;<\/p>\n<h4>Notre pr\u00e9sident Jean-Paul Lacomble aborde diff\u00e9rents sujets d&rsquo;actualit\u00e9 pour RFCL TV.<\/h4>\n<p>&gt; La crise sanitaire et son impact<br \/>\n&gt; Les prochaines \u00e9ch\u00e9ances<br \/>\n&gt; La coupe contre Anderlecht<br \/>\n&gt; La reprise du championnat<br \/>\n&gt; L&rsquo;avenir \u00e0 moyen terme<\/p>\n<p><iframe loading=\"lazy\" src=\"https:\/\/www.youtube.com\/embed\/kMCvoGdpgIA\" width=\"560\" height=\"315\" frameborder=\"0\" allowfullscreen=\"allowfullscreen\"><\/iframe><\/p>\n","protected":false},"excerpt":{"rendered":"<p>&nbsp; Notre pr\u00e9sident Jean-Paul Lacomble aborde diff\u00e9rents sujets d&rsquo;actualit\u00e9 pour RFCL TV. &gt; La crise sanitaire et son impact &gt; Les prochaines \u00e9ch\u00e9ances &gt; La coupe contre Anderlecht &gt; La reprise du championnat &gt; L&rsquo;avenir \u00e0 moyen terme<\/p>\n","protected":false},"author":12,"featured_media":16247,"comment_status":"closed","ping_status":"closed","sticky":false,"template":"","format":"standard","meta":{"iawp_total_views":4},"categories":[24,27],"tags":[],"_links":{"self":[{"href":"https:\/\/fcliege.be\/fr\/wp-json\/wp\/v2\/posts\/16246"}],"collection":[{"href":"https:\/\/fcliege.be\/fr\/wp-json\/wp\/v2\/posts"}],"about":[{"href":"https:\/\/fcliege.be\/fr\/wp-json\/wp\/v2\/types\/post"}],"author":[{"embeddable":true,"href":"https:\/\/fcliege.be\/fr\/wp-json\/wp\/v2\/users\/12"}],"replies":[{"embeddable":true,"href":"https:\/\/fcliege.be\/fr\/wp-json\/wp\/v2\/comments?post=16246"}],"version-history":[{"count":2,"href":"https:\/\/fcliege.be\/fr\/wp-json\/wp\/v2\/posts\/16246\/revisions"}],"predecessor-version":[{"id":16249,"href":"https:\/\/fcliege.be\/fr\/wp-json\/wp\/v2\/posts\/16246\/revisions\/16249"}],"wp:featuredmedia":[{"embeddable":true,"href":"https:\/\/fcliege.be\/fr\/wp-json\/wp\/v2\/media\/16247"}],"wp:attachment":[{"href":"https:\/\/fcliege.be\/fr\/wp-json\/wp\/v2\/media?parent=16246"}],"wp:term":[{"taxonomy":"category","embeddable":true,"href":"https:\/\/fcliege.be\/fr\/wp-json\/wp\/v2\/categories?post=16246"},{"taxonomy":"post_tag","embeddable":true,"href":"https:\/\/fcliege.be\/fr\/wp-json\/wp\/v2\/tags?post=16246"}],"curies":[{"name":"wp","href":"https:\/\/api.w.org\/{rel}","templated":true}]}}