{"id":16370,"date":"2021-01-31T01:00:02","date_gmt":"2021-01-30T23:00:02","guid":{"rendered":"http:\/\/fcliege.be\/fr\/?p=16370"},"modified":"2021-01-31T18:49:33","modified_gmt":"2021-01-31T16:49:33","slug":"retro-rfcl-rsca-les-duels-face-aux-mauves","status":"publish","type":"post","link":"https:\/\/fcliege.be\/fr\/retro-rfcl-rsca-les-duels-face-aux-mauves\/","title":{"rendered":"Li\u00e8ge-Anderlecht | R\u00e9tro : les duels face aux Mauves"},"content":{"rendered":"<p>&nbsp;<\/p>\n<h4>Coup d&rsquo;\u0153il dans le r\u00e9tro avant Li\u00e8ge-Anderlecht : les duels face aux Mauves.<\/h4>\n<h5>&gt; La premi\u00e8re des 122 rencontres en 1913<\/h5>\n<p>Le dimanche 26 octobre 1913, \u00e0 Cointe, Li\u00e9geois et Anderlechtois se rencontraient pour la premi\u00e8re fois de leur histoire, \u00e0 l&rsquo;occasion de la 8e journ\u00e9e du championnat de D2. Le FC Li\u00e9geois s&rsquo;inclinait (1-3) mais prenait sa revanche lors du match retour quelques mois plus tard (1-4).<\/p>\n<p>En 122 rencontres (championnats et coupes), le bilan li\u00e9geois est de 31 victoires, 64 d\u00e9faites, 27 nuls, 137 buts inscrits et 227 encaiss\u00e9s.<\/p>\n<p>Sur la photo d&rsquo;illustration : Andr\u00e9 <strong>Radar<\/strong> capte le ballon devant Jan <strong>Mulder<\/strong>, lors de Li\u00e8ge-Anderlecht au d\u00e9but des ann\u00e9es 1960, archive A. Radar (Les traces de Rocourt).<\/p>\n<h5>&gt; Le match du titre en 1953<\/h5>\n<p>Ce duel \u00e9tait aussi celui du cinqui\u00e8me et dernier (en date !) sacre de champion Sang &amp; Marine ! Le 10 mai 1953, le FC Li\u00e9geois, entra\u00een\u00e9 par Jean <strong>Loos<\/strong>, disputait une rencontre d\u00e9cisive face \u00e0 son concurrent direct \u00e0 Rocourt. R\u00e9sultat : 3-1, envahissement de terrain et un second titre cons\u00e9cutif !<\/p>\n<p>Quel Li\u00e9geois s&rsquo;inspirera de Jos\u00e9 <strong>Mo\u00ebs<\/strong> le 3 f\u00e9vrier prochain ? Celui-ci avait inscrit un but d&rsquo;anthologie, le 2-0, d&rsquo;une frappe des 25 m\u00e8tres, face au gardien anderlechtois Henri Meert \u00ab\u00a0sid\u00e9r\u00e9\u00a0\u00bb.<\/p>\n<p>Le 11 mythique de l&rsquo;\u00e9poque : Louis <strong>Carr\u00e9<\/strong>, Willy <strong>Saeren<\/strong>, Guy <strong>Delhasse<\/strong>, Henri <strong>Cannaerts<\/strong>, Louis <strong>Dodet<\/strong>, Alexis <strong>Chantraine<\/strong>, Jean <strong>Anoul<\/strong>, Pol\u00a0<strong>Anoul<\/strong>, Paul <strong>Deschamps<\/strong>, Jos\u00e9 <strong>Mo\u00ebs<\/strong>, Cyrille <strong>Massart<\/strong>.<\/p>\n<p><a href=\"https:\/\/bit.ly\/3qRjuYx?fbclid=IwAR2FRumUUKtQzYNumC0zYguin5LCvK2EICAJwUbsV3Ud4uAhs8Fa4d_kSE8\" target=\"_blank\" rel=\"noopener\">&gt;&gt; Le but de Mo\u00ebs (vid\u00e9o)<\/a><\/p>\n<h5>&gt; La coupe est pleine de succ\u00e8s<\/h5>\n<p>Les exemples \u00e0 suivre. Anderlecht s&rsquo;est souvent trouv\u00e9 sur le chemin de nos beaux parcours en coupe ! 1985, 1987, 1990&#8230; chaque fois, Li\u00e8ge s&rsquo;est qualifi\u00e9 pour les 1\/2 finale. En 1986, c&rsquo;est aussi contre les Mauves que notre club empochait la d\u00e9funte Coupe de la Ligue (2-0 au Bosuil). Les ann\u00e9es <strong>Waseige<\/strong> !<\/p>\n<p>1984-1985 : battu 0-1 \u00e0 l&rsquo;aller, Li\u00e8ge s&rsquo;impose sur le m\u00eame score au retour (but de <strong>Geurts<\/strong>) et <a href=\"http:\/\/bit.ly\/3olyX1l\" target=\"_blank\" rel=\"noopener\">se qualifie aux tirs au but (vid\u00e9o)<\/a>. Avec un tir d\u00e9cisif d&rsquo;Edhem <strong>\u0160ljivo<\/strong> et Pierre <strong>Drouguet<\/strong> dans les cages li\u00e9geoises.<\/p>\n<p>1986-1987 : <a href=\"http:\/\/bit.ly\/3ceSOwQ\" target=\"_blank\" rel=\"noopener\">victoire 1-0 (vid\u00e9o)<\/a> puis <a href=\"http:\/\/bit.ly\/3omp5V8\" target=\"_blank\" rel=\"noopener\">nul 1-1 (vid\u00e9o)<\/a>, les deux fois gr\u00e2ce \u00e0 un but inscrit par Beno\u00eet <strong>Thans<\/strong>. Li\u00e8ge atteint ensuite la finale et s&rsquo;incline contre Malines.<\/p>\n<p>1989-1990 : nouvelle <a href=\"http:\/\/bit.ly\/36iHlZo\" target=\"_blank\" rel=\"noopener\">victoire 1-0 (vid\u00e9o)<\/a>, but de\u00a0<strong>Varga<\/strong>,\u00a0suivie d&rsquo;un <a href=\"http:\/\/bit.ly\/3qYzY0P\" target=\"_blank\" rel=\"noopener\">nul 2-2 (vid\u00e9o)<\/a>, buts de Degryse 2x, <strong>Varga<\/strong> et <strong>Boffin<\/strong>\u00a0\u00e0 Bruxelles. Bien inspir\u00e9, Jacky <strong>Munaron<\/strong> a chang\u00e9 de camp et d\u00e9fend le but Sang &amp; Marine, jusqu&rsquo;\u00e0 la victoire en finale contre Ekeren !<\/p>\n<p><img decoding=\"async\" loading=\"lazy\" class=\"aligncenter wp-image-16419 size-full\" src=\"https:\/\/fcliege.be\/fr\/wp-content\/uploads\/2021\/01\/rfclanderlecht.png\" alt=\"\" width=\"503\" height=\"321\" srcset=\"https:\/\/fcliege.be\/fr\/wp-content\/uploads\/2021\/01\/rfclanderlecht.png 503w, https:\/\/fcliege.be\/fr\/wp-content\/uploads\/2021\/01\/rfclanderlecht-300x191.png 300w\" sizes=\"(max-width: 503px) 100vw, 503px\" \/><\/p>\n<h5>&gt; Les derni\u00e8res confrontations<\/h5>\n<p>Toute longue histoire comporte des \u00ab\u00a0derni\u00e8res fois\u00a0\u00bb. En 1995, avant de quitter la D1, le duel face aux Mauves, d\u00e9localis\u00e9 et perdu 0-4 n&rsquo;est pas un grand souvenir. Plus r\u00e9cemment, en 2013, au Pairay, un amical avait \u00e9t\u00e9 l&rsquo;occasion d&rsquo;agr\u00e9ables retrouvailles avec Guillaume <strong>Gillet<\/strong>.<\/p>\n<p>Mais rappelons-nous plut\u00f4t de la derni\u00e8re victoire en match officiel, 4-2, le 1er septembre 1990 ! Une partie spectaculaire qui \u00e9tait aussi la 300e disput\u00e9e par Bernard <strong>Wegria<\/strong> sous nos couleurs. Malgr\u00e9 la double riposte d&rsquo;Oliveira, Li\u00e8ge \u00e9mergeait gr\u00e2ce \u00e0 <strong>Malbasa<\/strong> (2x), <strong>Boffin<\/strong> et <strong>Quain<\/strong> tandis que <strong>Munaron<\/strong> assurait entre les perches. Le V\u00e9lodrome exultait !<\/p>\n<p>La composition du jour : <strong>Munaron<\/strong>, <strong>Waseige<\/strong> (65e <strong>Machiels<\/strong>), <strong>Habrant<\/strong>, <strong>Giusto<\/strong>, <strong>Quain<\/strong>, <strong>Wegria<\/strong>, <strong>Boffin<\/strong>, <strong>Milosevic<\/strong> (89e <strong>Foguenne<\/strong>), Ernes, <strong>Krncevic<\/strong>, <strong>Malbasa<\/strong>.<\/p>\n<p><a href=\"http:\/\/bit.ly\/2MDffAP\" target=\"_blank\" rel=\"noopener\">&gt;&gt; R\u00e9sum\u00e9 du match (vid\u00e9o)<\/a><\/p>\n","protected":false},"excerpt":{"rendered":"<p>&nbsp; Coup d&rsquo;\u0153il dans le r\u00e9tro avant Li\u00e8ge-Anderlecht : les duels face aux Mauves. &gt; La premi\u00e8re des 122 rencontres en 1913 Le dimanche 26 octobre 1913, \u00e0 Cointe, Li\u00e9geois et Anderlechtois se rencontraient pour la premi\u00e8re fois de leur histoire, \u00e0 l&rsquo;occasion de la 8e journ\u00e9e du championnat de D2. Le FC Li\u00e9geois s&rsquo;inclinait [&hellip;]<\/p>\n","protected":false},"author":12,"featured_media":16371,"comment_status":"closed","ping_status":"closed","sticky":false,"template":"","format":"standard","meta":{"iawp_total_views":21},"categories":[30,24,35],"tags":[],"_links":{"self":[{"href":"https:\/\/fcliege.be\/fr\/wp-json\/wp\/v2\/posts\/16370"}],"collection":[{"href":"https:\/\/fcliege.be\/fr\/wp-json\/wp\/v2\/posts"}],"about":[{"href":"https:\/\/fcliege.be\/fr\/wp-json\/wp\/v2\/types\/post"}],"author":[{"embeddable":true,"href":"https:\/\/fcliege.be\/fr\/wp-json\/wp\/v2\/users\/12"}],"replies":[{"embeddable":true,"href":"https:\/\/fcliege.be\/fr\/wp-json\/wp\/v2\/comments?post=16370"}],"version-history":[{"count":23,"href":"https:\/\/fcliege.be\/fr\/wp-json\/wp\/v2\/posts\/16370\/revisions"}],"predecessor-version":[{"id":16441,"href":"https:\/\/fcliege.be\/fr\/wp-json\/wp\/v2\/posts\/16370\/revisions\/16441"}],"wp:featuredmedia":[{"embeddable":true,"href":"https:\/\/fcliege.be\/fr\/wp-json\/wp\/v2\/media\/16371"}],"wp:attachment":[{"href":"https:\/\/fcliege.be\/fr\/wp-json\/wp\/v2\/media?parent=16370"}],"wp:term":[{"taxonomy":"category","embeddable":true,"href":"https:\/\/fcliege.be\/fr\/wp-json\/wp\/v2\/categories?post=16370"},{"taxonomy":"post_tag","embeddable":true,"href":"https:\/\/fcliege.be\/fr\/wp-json\/wp\/v2\/tags?post=16370"}],"curies":[{"name":"wp","href":"https:\/\/api.w.org\/{rel}","templated":true}]}}