{"id":16465,"date":"2021-02-02T14:29:48","date_gmt":"2021-02-02T12:29:48","guid":{"rendered":"http:\/\/fcliege.be\/fr\/?p=16465"},"modified":"2021-02-02T21:00:42","modified_gmt":"2021-02-02T19:00:42","slug":"liege-anderlecht-mercredi-3-fevrier-a-21h15","status":"publish","type":"post","link":"https:\/\/fcliege.be\/fr\/liege-anderlecht-mercredi-3-fevrier-a-21h15\/","title":{"rendered":"Li\u00e8ge-Anderlecht | Mercredi 3 f\u00e9vrier \u00e0 21h15"},"content":{"rendered":"<p>&nbsp;<\/p>\n<h4>Le RFC Li\u00e8ge re\u00e7oit le RSC Anderlecht en 16e de finale de la coupe de Belgique ce mercredi 3 f\u00e9vrier.<\/h4>\n<p>Nous y sommes presque ! Le coup d&rsquo;envoi de la rencontre, qui se jouera \u00e0 huis clos, sera donn\u00e9 \u00e0 21h15.<\/p>\n<p>Pour rappel, le match sera diffus\u00e9 en direct et en int\u00e9gralit\u00e9 sur <strong>RTL Sport<\/strong> et <strong>Sporza<\/strong>.<\/p>\n<p>Un but par but sera assur\u00e9, comme toujours, sur nos r\u00e9seaux sociaux.<\/p>\n<p>Le vainqueur affrontera\u00a0<strong>l&rsquo;Union Saint-Gilloise<\/strong> au tour suivant.<\/p>\n<p><strong>&gt; Rocourt se pr\u00e9pare !<\/strong><\/p>\n<p><img decoding=\"async\" loading=\"lazy\" class=\"aligncenter wp-image-16471 size-full\" src=\"https:\/\/fcliege.be\/fr\/wp-content\/uploads\/2021\/02\/rocourt.jpg\" alt=\"\" width=\"1920\" height=\"1130\" srcset=\"https:\/\/fcliege.be\/fr\/wp-content\/uploads\/2021\/02\/rocourt.jpg 1920w, https:\/\/fcliege.be\/fr\/wp-content\/uploads\/2021\/02\/rocourt-300x177.jpg 300w, https:\/\/fcliege.be\/fr\/wp-content\/uploads\/2021\/02\/rocourt-768x452.jpg 768w, https:\/\/fcliege.be\/fr\/wp-content\/uploads\/2021\/02\/rocourt-1024x603.jpg 1024w\" sizes=\"(max-width: 1920px) 100vw, 1920px\" \/><img decoding=\"async\" loading=\"lazy\" class=\"aligncenter wp-image-16476 size-full\" src=\"https:\/\/fcliege.be\/fr\/wp-content\/uploads\/2021\/02\/rocourt2.jpg\" alt=\"\" width=\"1865\" height=\"1397\" srcset=\"https:\/\/fcliege.be\/fr\/wp-content\/uploads\/2021\/02\/rocourt2.jpg 1865w, https:\/\/fcliege.be\/fr\/wp-content\/uploads\/2021\/02\/rocourt2-300x225.jpg 300w, https:\/\/fcliege.be\/fr\/wp-content\/uploads\/2021\/02\/rocourt2-768x575.jpg 768w, https:\/\/fcliege.be\/fr\/wp-content\/uploads\/2021\/02\/rocourt2-1024x767.jpg 1024w\" sizes=\"(max-width: 1865px) 100vw, 1865px\" \/> <img decoding=\"async\" loading=\"lazy\" class=\"aligncenter wp-image-16477 size-full\" src=\"https:\/\/fcliege.be\/fr\/wp-content\/uploads\/2021\/02\/rocourt3.jpg\" alt=\"\" width=\"1893\" height=\"1409\" srcset=\"https:\/\/fcliege.be\/fr\/wp-content\/uploads\/2021\/02\/rocourt3.jpg 1893w, https:\/\/fcliege.be\/fr\/wp-content\/uploads\/2021\/02\/rocourt3-300x223.jpg 300w, https:\/\/fcliege.be\/fr\/wp-content\/uploads\/2021\/02\/rocourt3-768x572.jpg 768w, https:\/\/fcliege.be\/fr\/wp-content\/uploads\/2021\/02\/rocourt3-1024x762.jpg 1024w\" sizes=\"(max-width: 1893px) 100vw, 1893px\" \/><\/p>\n","protected":false},"excerpt":{"rendered":"<p>&nbsp; Le RFC Li\u00e8ge re\u00e7oit le RSC Anderlecht en 16e de finale de la coupe de Belgique ce mercredi 3 f\u00e9vrier. Nous y sommes presque ! Le coup d&rsquo;envoi de la rencontre, qui se jouera \u00e0 huis clos, sera donn\u00e9 \u00e0 21h15. Pour rappel, le match sera diffus\u00e9 en direct et en int\u00e9gralit\u00e9 sur RTL [&hellip;]<\/p>\n","protected":false},"author":12,"featured_media":16466,"comment_status":"closed","ping_status":"closed","sticky":false,"template":"","format":"standard","meta":{"iawp_total_views":0},"categories":[24,26],"tags":[],"_links":{"self":[{"href":"https:\/\/fcliege.be\/fr\/wp-json\/wp\/v2\/posts\/16465"}],"collection":[{"href":"https:\/\/fcliege.be\/fr\/wp-json\/wp\/v2\/posts"}],"about":[{"href":"https:\/\/fcliege.be\/fr\/wp-json\/wp\/v2\/types\/post"}],"author":[{"embeddable":true,"href":"https:\/\/fcliege.be\/fr\/wp-json\/wp\/v2\/users\/12"}],"replies":[{"embeddable":true,"href":"https:\/\/fcliege.be\/fr\/wp-json\/wp\/v2\/comments?post=16465"}],"version-history":[{"count":11,"href":"https:\/\/fcliege.be\/fr\/wp-json\/wp\/v2\/posts\/16465\/revisions"}],"predecessor-version":[{"id":16480,"href":"https:\/\/fcliege.be\/fr\/wp-json\/wp\/v2\/posts\/16465\/revisions\/16480"}],"wp:featuredmedia":[{"embeddable":true,"href":"https:\/\/fcliege.be\/fr\/wp-json\/wp\/v2\/media\/16466"}],"wp:attachment":[{"href":"https:\/\/fcliege.be\/fr\/wp-json\/wp\/v2\/media?parent=16465"}],"wp:term":[{"taxonomy":"category","embeddable":true,"href":"https:\/\/fcliege.be\/fr\/wp-json\/wp\/v2\/categories?post=16465"},{"taxonomy":"post_tag","embeddable":true,"href":"https:\/\/fcliege.be\/fr\/wp-json\/wp\/v2\/tags?post=16465"}],"curies":[{"name":"wp","href":"https:\/\/api.w.org\/{rel}","templated":true}]}}