{"id":16561,"date":"2021-03-30T15:00:07","date_gmt":"2021-03-30T13:00:07","guid":{"rendered":"http:\/\/fcliege.be\/fr\/?p=16561"},"modified":"2021-03-30T15:44:33","modified_gmt":"2021-03-30T13:44:33","slug":"equipe-a-le-rfcl-et-debaty-repartent-pour-2-ans-video","status":"publish","type":"post","link":"https:\/\/fcliege.be\/fr\/equipe-a-le-rfcl-et-debaty-repartent-pour-2-ans-video\/","title":{"rendered":"\u00c9quipe A | Le RFCL et Debaty repartent pour 2 ans ! (vid\u00e9o)"},"content":{"rendered":"<p>&nbsp;<\/p>\n<h4>Apr\u00e8s avoir appris que, pour la 6e ann\u00e9e cons\u00e9cutive, l\u2019Auditeur g\u00e9n\u00e9ral des licences, a conclu qu\u2019il convenait d\u2019accorder sans d\u00e9bat la licence de club national amateur au RFC Li\u00e9geois, la direction du club a commenc\u00e9 le travail en vue de former une \u00e9quipe comp\u00e9titive et performante pour la saison prochaine.<\/h4>\n<p>L\u2019objectif du RFCL est clairement de jouer les premiers r\u00f4les en Nationale 1 et le travail de composition du noyau d\u00e9bute avec, tout d\u2019abord, la reconduction de plusieurs contrats.<\/p>\n<p>Premier acte concret : la prolongation de Kevin <strong>Debaty<\/strong>. Le club et le portier li\u00e9geois, \u00e0 Rocourt depuis septembre 2019, ont paraph\u00e9 un nouveau contrat de deux ans.<\/p>\n<p>\u00c2g\u00e9 de 31 ans, Kevin Debaty est devenu sur ces deux derni\u00e8res saisons, en plus de ses tr\u00e8s bonnes prestations, un des meneurs du groupe. Son exp\u00e9rience et sa rage de vaincre seront tr\u00e8s utiles pour permettre au Matricule 4 d\u2019atteindre ses objectifs<\/p>\n<p>Toujours sous la conduite de Drazen <strong>Brncic<\/strong>, Kevin Debaty constitue un membre important de la colonne vert\u00e9brale de l\u2019\u00e9quipe avec Jonathan <strong>D\u2019Ostilio<\/strong>, Benjamin <strong>Van Den Ackerveken<\/strong>, Damien <strong>Mouchamps<\/strong> et Ibou <strong>K\u00f6se<\/strong>, toujours sous contrat.<\/p>\n<p>Le travail de composition du groupe 2021-2022 est loin d\u2019\u00eatre termin\u00e9. La cellule sportive du RFCL est \u00e0 l\u2019ouvrage pour confectionner une \u00e9quipe comp\u00e9titive et en phase avec les valeurs du club : talent, engagement, esprit d\u2019\u00e9quipe et fair play.<\/p>\n<p><iframe loading=\"lazy\" style=\"border: none; overflow: hidden;\" src=\"https:\/\/www.facebook.com\/plugins\/video.php?height=316&amp;href=https%3A%2F%2Fwww.facebook.com%2Frfcliege%2Fvideos%2F864149290829736%2F&amp;show_text=false&amp;width=560\" width=\"560\" height=\"316\" frameborder=\"0\" scrolling=\"no\" allowfullscreen=\"allowfullscreen\"><\/iframe><\/p>\n","protected":false},"excerpt":{"rendered":"<p>&nbsp; Apr\u00e8s avoir appris que, pour la 6e ann\u00e9e cons\u00e9cutive, l\u2019Auditeur g\u00e9n\u00e9ral des licences, a conclu qu\u2019il convenait d\u2019accorder sans d\u00e9bat la licence de club national amateur au RFC Li\u00e9geois, la direction du club a commenc\u00e9 le travail en vue de former une \u00e9quipe comp\u00e9titive et performante pour la saison prochaine. L\u2019objectif du RFCL est [&hellip;]<\/p>\n","protected":false},"author":12,"featured_media":16564,"comment_status":"closed","ping_status":"closed","sticky":false,"template":"","format":"standard","meta":{"iawp_total_views":0},"categories":[24,26],"tags":[],"_links":{"self":[{"href":"https:\/\/fcliege.be\/fr\/wp-json\/wp\/v2\/posts\/16561"}],"collection":[{"href":"https:\/\/fcliege.be\/fr\/wp-json\/wp\/v2\/posts"}],"about":[{"href":"https:\/\/fcliege.be\/fr\/wp-json\/wp\/v2\/types\/post"}],"author":[{"embeddable":true,"href":"https:\/\/fcliege.be\/fr\/wp-json\/wp\/v2\/users\/12"}],"replies":[{"embeddable":true,"href":"https:\/\/fcliege.be\/fr\/wp-json\/wp\/v2\/comments?post=16561"}],"version-history":[{"count":7,"href":"https:\/\/fcliege.be\/fr\/wp-json\/wp\/v2\/posts\/16561\/revisions"}],"predecessor-version":[{"id":16569,"href":"https:\/\/fcliege.be\/fr\/wp-json\/wp\/v2\/posts\/16561\/revisions\/16569"}],"wp:featuredmedia":[{"embeddable":true,"href":"https:\/\/fcliege.be\/fr\/wp-json\/wp\/v2\/media\/16564"}],"wp:attachment":[{"href":"https:\/\/fcliege.be\/fr\/wp-json\/wp\/v2\/media?parent=16561"}],"wp:term":[{"taxonomy":"category","embeddable":true,"href":"https:\/\/fcliege.be\/fr\/wp-json\/wp\/v2\/categories?post=16561"},{"taxonomy":"post_tag","embeddable":true,"href":"https:\/\/fcliege.be\/fr\/wp-json\/wp\/v2\/tags?post=16561"}],"curies":[{"name":"wp","href":"https:\/\/api.w.org\/{rel}","templated":true}]}}