{"id":16616,"date":"2021-04-19T15:41:51","date_gmt":"2021-04-19T13:41:51","guid":{"rendered":"http:\/\/fcliege.be\/fr\/?p=16616"},"modified":"2021-04-19T15:41:51","modified_gmt":"2021-04-19T13:41:51","slug":"presse-presentation-officielle-de-jeremy-perbet","status":"publish","type":"post","link":"https:\/\/fcliege.be\/fr\/presse-presentation-officielle-de-jeremy-perbet\/","title":{"rendered":"Presse | Pr\u00e9sentation officielle de J\u00e9r\u00e9my Perbet"},"content":{"rendered":"<p>&nbsp;<\/p>\n<h4>Le nouvel attaquant du RFCL a \u00e9t\u00e9 pr\u00e9sent\u00e9 \u00e0 la presse ce lundi \u00e0 Rocourt.<\/h4>\n<p>Il sera pr\u00e9sent\u00e9 aux supporters dans les prochaines semaines.<\/p>\n","protected":false},"excerpt":{"rendered":"<p>&nbsp; Le nouvel attaquant du RFCL a \u00e9t\u00e9 pr\u00e9sent\u00e9 \u00e0 la presse ce lundi \u00e0 Rocourt. Il sera pr\u00e9sent\u00e9 aux supporters dans les prochaines semaines.<\/p>\n","protected":false},"author":12,"featured_media":16617,"comment_status":"closed","ping_status":"closed","sticky":false,"template":"","format":"standard","meta":{"iawp_total_views":0},"categories":[24,26],"tags":[],"_links":{"self":[{"href":"https:\/\/fcliege.be\/fr\/wp-json\/wp\/v2\/posts\/16616"}],"collection":[{"href":"https:\/\/fcliege.be\/fr\/wp-json\/wp\/v2\/posts"}],"about":[{"href":"https:\/\/fcliege.be\/fr\/wp-json\/wp\/v2\/types\/post"}],"author":[{"embeddable":true,"href":"https:\/\/fcliege.be\/fr\/wp-json\/wp\/v2\/users\/12"}],"replies":[{"embeddable":true,"href":"https:\/\/fcliege.be\/fr\/wp-json\/wp\/v2\/comments?post=16616"}],"version-history":[{"count":1,"href":"https:\/\/fcliege.be\/fr\/wp-json\/wp\/v2\/posts\/16616\/revisions"}],"predecessor-version":[{"id":16618,"href":"https:\/\/fcliege.be\/fr\/wp-json\/wp\/v2\/posts\/16616\/revisions\/16618"}],"wp:featuredmedia":[{"embeddable":true,"href":"https:\/\/fcliege.be\/fr\/wp-json\/wp\/v2\/media\/16617"}],"wp:attachment":[{"href":"https:\/\/fcliege.be\/fr\/wp-json\/wp\/v2\/media?parent=16616"}],"wp:term":[{"taxonomy":"category","embeddable":true,"href":"https:\/\/fcliege.be\/fr\/wp-json\/wp\/v2\/categories?post=16616"},{"taxonomy":"post_tag","embeddable":true,"href":"https:\/\/fcliege.be\/fr\/wp-json\/wp\/v2\/tags?post=16616"}],"curies":[{"name":"wp","href":"https:\/\/api.w.org\/{rel}","templated":true}]}}