{"id":16871,"date":"2021-07-15T18:00:51","date_gmt":"2021-07-15T16:00:51","guid":{"rendered":"http:\/\/fcliege.be\/fr\/?p=16871"},"modified":"2021-08-09T19:10:52","modified_gmt":"2021-08-09T17:10:52","slug":"calendrier-le-programme-de-lete","status":"publish","type":"post","link":"https:\/\/fcliege.be\/fr\/calendrier-le-programme-de-lete\/","title":{"rendered":"Calendrier | RFCL-Anderlecht U21 d\u00e9plac\u00e9"},"content":{"rendered":"<p>&nbsp;<\/p>\n<h4>La reprise approche ! D\u00e9couvrez le planning des matchs et activit\u00e9s \u00e0 partir du 1er juillet.<\/h4>\n<p><strong>Jeudi 01\/07<\/strong> :\u00a0\u00a0reprise des entrainements ouverte au public<\/p>\n<p><strong>Jeudi 01\/07 \u00e0 19h<\/strong> : fan talk (plus d&rsquo;informations suivront)<\/p>\n<p><strong>Samedi 24\/07<\/strong> : amical RFCL-R. Aywaille FC<\/p>\n<p><strong>Mercredi 28\/07<\/strong> : amical RFCL-RAF Franchimont<\/p>\n<p><strong>Dimanche 01\/08<\/strong>\u00a0: amical RU Tubize Braine-RFCL<\/p>\n<p><strong>Mercredi 04\/08 :<\/strong> amical RFCL-RAS Jodoigne<\/p>\n<p><strong>Samedi 07\/08<\/strong> : amical RFCL-Standard U21<\/p>\n<p><strong>Mercredi 11\/08 : amical RFCL-RSC Anderlecht U21 \u00e0 19h30<\/strong><\/p>\n<p><strong>Dimanche 15\/08<\/strong> : RJS Tamines-RFCL<\/p>\n<p><strong>Mercredi 17\/08<\/strong> : amical RA Melen Micheroux-RFCL<\/p>\n","protected":false},"excerpt":{"rendered":"<p>&nbsp; La reprise approche ! D\u00e9couvrez le planning des matchs et activit\u00e9s \u00e0 partir du 1er juillet. Jeudi 01\/07 :\u00a0\u00a0reprise des entrainements ouverte au public Jeudi 01\/07 \u00e0 19h : fan talk (plus d&rsquo;informations suivront) Samedi 24\/07 : amical RFCL-R. Aywaille FC Mercredi 28\/07 : amical RFCL-RAF Franchimont Dimanche 01\/08\u00a0: amical RU Tubize Braine-RFCL Mercredi [&hellip;]<\/p>\n","protected":false},"author":12,"featured_media":16876,"comment_status":"closed","ping_status":"closed","sticky":false,"template":"","format":"standard","meta":{"iawp_total_views":42},"categories":[24,26],"tags":[],"_links":{"self":[{"href":"https:\/\/fcliege.be\/fr\/wp-json\/wp\/v2\/posts\/16871"}],"collection":[{"href":"https:\/\/fcliege.be\/fr\/wp-json\/wp\/v2\/posts"}],"about":[{"href":"https:\/\/fcliege.be\/fr\/wp-json\/wp\/v2\/types\/post"}],"author":[{"embeddable":true,"href":"https:\/\/fcliege.be\/fr\/wp-json\/wp\/v2\/users\/12"}],"replies":[{"embeddable":true,"href":"https:\/\/fcliege.be\/fr\/wp-json\/wp\/v2\/comments?post=16871"}],"version-history":[{"count":9,"href":"https:\/\/fcliege.be\/fr\/wp-json\/wp\/v2\/posts\/16871\/revisions"}],"predecessor-version":[{"id":17144,"href":"https:\/\/fcliege.be\/fr\/wp-json\/wp\/v2\/posts\/16871\/revisions\/17144"}],"wp:featuredmedia":[{"embeddable":true,"href":"https:\/\/fcliege.be\/fr\/wp-json\/wp\/v2\/media\/16876"}],"wp:attachment":[{"href":"https:\/\/fcliege.be\/fr\/wp-json\/wp\/v2\/media?parent=16871"}],"wp:term":[{"taxonomy":"category","embeddable":true,"href":"https:\/\/fcliege.be\/fr\/wp-json\/wp\/v2\/categories?post=16871"},{"taxonomy":"post_tag","embeddable":true,"href":"https:\/\/fcliege.be\/fr\/wp-json\/wp\/v2\/tags?post=16871"}],"curies":[{"name":"wp","href":"https:\/\/api.w.org\/{rel}","templated":true}]}}