{"id":16967,"date":"2021-07-13T12:50:47","date_gmt":"2021-07-13T10:50:47","guid":{"rendered":"http:\/\/fcliege.be\/fr\/?p=16967"},"modified":"2024-09-21T14:35:54","modified_gmt":"2024-09-21T12:35:54","slug":"dames-reprise-des-red-marine","status":"publish","type":"post","link":"https:\/\/fcliege.be\/fr\/dames-reprise-des-red-marine\/","title":{"rendered":"Dames | Reprise des Red Marine"},"content":{"rendered":"<p>&nbsp;<\/p>\n<h4>Ce lundi, les dames ont \u00e0 leur tour repris le chemin des entra\u00eenements, sous les ordres de Rapha\u00ebl Quaranta.<\/h4>\n<p>Dans une bonne humeur encore accentu\u00e9e par l&rsquo;anniversaire de la capitaine de l&rsquo;\u00e9quipe A, Sophie <strong>Gaillard<\/strong>.<\/p>\n<p><img decoding=\"async\" loading=\"lazy\" class=\"aligncenter wp-image-16969 size-full\" src=\"https:\/\/fcliege.be\/fr\/wp-content\/uploads\/2021\/07\/2021-07-12_RFCL-RED-MArine_-1er-Entrainement-6308.jpg\" alt=\"\" width=\"3075\" height=\"2050\" srcset=\"https:\/\/fcliege.be\/fr\/wp-content\/uploads\/2021\/07\/2021-07-12_RFCL-RED-MArine_-1er-Entrainement-6308.jpg 3075w, https:\/\/fcliege.be\/fr\/wp-content\/uploads\/2021\/07\/2021-07-12_RFCL-RED-MArine_-1er-Entrainement-6308-300x200.jpg 300w, https:\/\/fcliege.be\/fr\/wp-content\/uploads\/2021\/07\/2021-07-12_RFCL-RED-MArine_-1er-Entrainement-6308-768x512.jpg 768w, https:\/\/fcliege.be\/fr\/wp-content\/uploads\/2021\/07\/2021-07-12_RFCL-RED-MArine_-1er-Entrainement-6308-1024x683.jpg 1024w\" sizes=\"(max-width: 3075px) 100vw, 3075px\" \/> <img decoding=\"async\" loading=\"lazy\" class=\"aligncenter wp-image-16970 size-full\" src=\"https:\/\/fcliege.be\/fr\/wp-content\/uploads\/2021\/07\/2021-07-12_RFCL-RED-MArine_-1er-Entrainement-6324.jpg\" alt=\"\" width=\"3324\" height=\"2214\" srcset=\"https:\/\/fcliege.be\/fr\/wp-content\/uploads\/2021\/07\/2021-07-12_RFCL-RED-MArine_-1er-Entrainement-6324.jpg 3324w, https:\/\/fcliege.be\/fr\/wp-content\/uploads\/2021\/07\/2021-07-12_RFCL-RED-MArine_-1er-Entrainement-6324-300x200.jpg 300w, https:\/\/fcliege.be\/fr\/wp-content\/uploads\/2021\/07\/2021-07-12_RFCL-RED-MArine_-1er-Entrainement-6324-768x512.jpg 768w, https:\/\/fcliege.be\/fr\/wp-content\/uploads\/2021\/07\/2021-07-12_RFCL-RED-MArine_-1er-Entrainement-6324-1024x682.jpg 1024w\" sizes=\"(max-width: 3324px) 100vw, 3324px\" \/><\/p>\n","protected":false},"excerpt":{"rendered":"<p>&nbsp; Ce lundi, les dames ont \u00e0 leur tour repris le chemin des entra\u00eenements, sous les ordres de Rapha\u00ebl Quaranta. Dans une bonne humeur encore accentu\u00e9e par l&rsquo;anniversaire de la capitaine de l&rsquo;\u00e9quipe A, Sophie Gaillard.<\/p>\n","protected":false},"author":12,"featured_media":16968,"comment_status":"closed","ping_status":"closed","sticky":false,"template":"","format":"standard","meta":{"iawp_total_views":15},"categories":[70,1,24],"tags":[],"_links":{"self":[{"href":"https:\/\/fcliege.be\/fr\/wp-json\/wp\/v2\/posts\/16967"}],"collection":[{"href":"https:\/\/fcliege.be\/fr\/wp-json\/wp\/v2\/posts"}],"about":[{"href":"https:\/\/fcliege.be\/fr\/wp-json\/wp\/v2\/types\/post"}],"author":[{"embeddable":true,"href":"https:\/\/fcliege.be\/fr\/wp-json\/wp\/v2\/users\/12"}],"replies":[{"embeddable":true,"href":"https:\/\/fcliege.be\/fr\/wp-json\/wp\/v2\/comments?post=16967"}],"version-history":[{"count":3,"href":"https:\/\/fcliege.be\/fr\/wp-json\/wp\/v2\/posts\/16967\/revisions"}],"predecessor-version":[{"id":16973,"href":"https:\/\/fcliege.be\/fr\/wp-json\/wp\/v2\/posts\/16967\/revisions\/16973"}],"wp:featuredmedia":[{"embeddable":true,"href":"https:\/\/fcliege.be\/fr\/wp-json\/wp\/v2\/media\/16968"}],"wp:attachment":[{"href":"https:\/\/fcliege.be\/fr\/wp-json\/wp\/v2\/media?parent=16967"}],"wp:term":[{"taxonomy":"category","embeddable":true,"href":"https:\/\/fcliege.be\/fr\/wp-json\/wp\/v2\/categories?post=16967"},{"taxonomy":"post_tag","embeddable":true,"href":"https:\/\/fcliege.be\/fr\/wp-json\/wp\/v2\/tags?post=16967"}],"curies":[{"name":"wp","href":"https:\/\/api.w.org\/{rel}","templated":true}]}}