{"id":17209,"date":"2021-08-19T15:39:07","date_gmt":"2021-08-19T13:39:07","guid":{"rendered":"http:\/\/fcliege.be\/fr\/?p=17209"},"modified":"2021-08-20T18:26:19","modified_gmt":"2021-08-20T16:26:19","slug":"coupe-olympic-charleroi-rfc-liege-interdiction-de-deplacement","status":"publish","type":"post","link":"https:\/\/fcliege.be\/fr\/coupe-olympic-charleroi-rfc-liege-interdiction-de-deplacement\/","title":{"rendered":"Coupe | Olympic Charleroi-RFC Li\u00e8ge : interdiction de d\u00e9placement"},"content":{"rendered":"<p>&nbsp;<\/p>\n<p>Apr\u00e8s la belle victoire \u00e0 <strong>Tamines<\/strong> hier soir, place maintenant au d\u00e9placement \u00e0 l\u2019<strong>Olympic de Charleroi<\/strong> ce dimanche 22 ao\u00fbt \u00e0 16h.<\/p>\n<p>Malheureusement, les supporters li\u00e9geois ne seront pas autoris\u00e9s \u00e0 faire le d\u00e9placement en raison des mesures sanitaires inspir\u00e9es du <strong>Protocole Pro League<\/strong>, qui ne pr\u00e9voit actuellement pas l\u2019acc\u00e8s au public visiteur.<\/p>\n<p>Tant l\u2019Olympic que le <strong>RFCL<\/strong> regrettent cette impossibilit\u00e9, m\u00eame s&rsquo;ils comprennent que la situation reste compliqu\u00e9e&#8230;<\/p>\n<p>Nous comptons tout de m\u00eame sur le soutien \u00e0 distance des supporters afin de nous qualifier et de recevoir <strong>Westerlo<\/strong> le 05 septembre \u00e0 Rocourt, cette fois devant notre fabuleux public !<\/p>\n<p>Le RFCL a tent\u00e9 d&rsquo;obtenir la diffusion t\u00e9l\u00e9vis\u00e9e du match. Malheureusement, la direction de l\u2019Olympic a refus\u00e9 que les t\u00e9l\u00e9visions locales (<strong>T\u00e9l\u00e9 Sambre<\/strong> et <strong>RTC<\/strong>) et <strong>Fuchs Sports<\/strong> proposent un direct de la rencontre. Nous regrettons bien entendu cette d\u00e9cision.<\/p>\n","protected":false},"excerpt":{"rendered":"<p>&nbsp; Apr\u00e8s la belle victoire \u00e0 Tamines hier soir, place maintenant au d\u00e9placement \u00e0 l\u2019Olympic de Charleroi ce dimanche 22 ao\u00fbt \u00e0 16h. Malheureusement, les supporters li\u00e9geois ne seront pas autoris\u00e9s \u00e0 faire le d\u00e9placement en raison des mesures sanitaires inspir\u00e9es du Protocole Pro League, qui ne pr\u00e9voit actuellement pas l\u2019acc\u00e8s au public visiteur. Tant [&hellip;]<\/p>\n","protected":false},"author":13,"featured_media":0,"comment_status":"closed","ping_status":"closed","sticky":false,"template":"","format":"standard","meta":{"iawp_total_views":0},"categories":[24,26],"tags":[],"_links":{"self":[{"href":"https:\/\/fcliege.be\/fr\/wp-json\/wp\/v2\/posts\/17209"}],"collection":[{"href":"https:\/\/fcliege.be\/fr\/wp-json\/wp\/v2\/posts"}],"about":[{"href":"https:\/\/fcliege.be\/fr\/wp-json\/wp\/v2\/types\/post"}],"author":[{"embeddable":true,"href":"https:\/\/fcliege.be\/fr\/wp-json\/wp\/v2\/users\/13"}],"replies":[{"embeddable":true,"href":"https:\/\/fcliege.be\/fr\/wp-json\/wp\/v2\/comments?post=17209"}],"version-history":[{"count":5,"href":"https:\/\/fcliege.be\/fr\/wp-json\/wp\/v2\/posts\/17209\/revisions"}],"predecessor-version":[{"id":17215,"href":"https:\/\/fcliege.be\/fr\/wp-json\/wp\/v2\/posts\/17209\/revisions\/17215"}],"wp:attachment":[{"href":"https:\/\/fcliege.be\/fr\/wp-json\/wp\/v2\/media?parent=17209"}],"wp:term":[{"taxonomy":"category","embeddable":true,"href":"https:\/\/fcliege.be\/fr\/wp-json\/wp\/v2\/categories?post=17209"},{"taxonomy":"post_tag","embeddable":true,"href":"https:\/\/fcliege.be\/fr\/wp-json\/wp\/v2\/tags?post=17209"}],"curies":[{"name":"wp","href":"https:\/\/api.w.org\/{rel}","templated":true}]}}