{"id":17229,"date":"2021-08-30T19:34:22","date_gmt":"2021-08-30T17:34:22","guid":{"rendered":"http:\/\/fcliege.be\/fr\/?p=17229"},"modified":"2021-09-01T12:20:34","modified_gmt":"2021-09-01T10:20:34","slug":"coupe-tous-a-rocourt-contre-westerlo","status":"publish","type":"post","link":"https:\/\/fcliege.be\/fr\/coupe-tous-a-rocourt-contre-westerlo\/","title":{"rendered":"Coupe | Tous \u00e0 Rocourt contre Westerlo !"},"content":{"rendered":"<p>&nbsp;<\/p>\n<h4>Apr\u00e8s avoir obtenu la qualification \u00e0 l\u2019Olympic de Charleroi devant 177 supporters locaux (!), le FC Li\u00e9geois affrontera Westerlo le dimanche 5 septembre \u00e0 16h \u00e0 Rocourt.<\/h4>\n<p>Pour cette rencontre, les hommes de Drazen <strong>Brncic<\/strong> pourront compter sur le soutien de leur public puisque le stade de Rocourt pourra accueillir les supporters Sang et Marine sans limitation au tiers de sa capacit\u00e9&#8230;<\/p>\n<p>Cela implique que le <strong>Covid Safe Ticket<\/strong> sera demand\u00e9 \u00e0 l\u2019entr\u00e9e du stade.<\/p>\n<p>Concr\u00e8tement, pourront acc\u00e9der au stade de Rocourt :<\/p>\n<p>&#8211; Les supporters munis de leur carte d\u2019identit\u00e9 et de leur certificat de vaccination (preuve que les deux doses ont \u00e9t\u00e9 re\u00e7ues et que la deuxi\u00e8me dose a \u00e9t\u00e9 administr\u00e9e au moins 14 jours avant le match). Celui-ci peut \u00eatre t\u00e9l\u00e9charg\u00e9 sur <a href=\"http:\/\/www.masante.be\" target=\"_blank\" rel=\"noopener\">www.masante.be<\/a> (<a href=\"http:\/\/www.mijngezondheid.belgie.be\" target=\"_blank\" rel=\"noopener\">www.mijngezondheid.belgie.be<\/a>)<br \/>\n&#8211; Les supporters munis de leur carte d\u2019identit\u00e9 et du document prouvant un test PCR (r\u00e9alis\u00e9 dans les 72h) n\u00e9gatif ;<br \/>\n&#8211; Les supporters munis de leur carte d\u2019identit\u00e9 et du document prouvant un test antig\u00e9nique (r\u00e9alis\u00e9 dans les 48h) n\u00e9gatif.<\/p>\n<p><strong>Le supporter, m\u00eame en possession de son ticket acquis en pr\u00e9vente, qui se pr\u00e9sentera \u00e0 l\u2019entr\u00e9e sans un de ces trois documents, se verra refuser le droit d\u2019entrer dans le stade.<\/strong><\/p>\n<p>Les portes du stade ouvriront d\u00e8s 14h afin de permettre \u00e0 chacun d&rsquo;entrer sans stress de derni\u00e8re minute : venez t\u00f4t !<\/p>\n<p>Ces dispositions permettront d\u2019accueillir un maximum de supporters (sinon, nous \u00e9tions limit\u00e9s \u00e0 1200), sans les contraintes COVID que nous connaissons depuis de nombreux mois (port du masque, bulles, distanciation, service \u00e0 table,\u2026) pour porter l\u2019\u00e9quipe vers une nouvelle qualification et un nouveau match contre une \u00e9quipe de Pro League en 16e de finale de la Coupe de Belgique.<\/p>\n<p>Pour ces raisons, le Covid Safe Ticket sera \u00e9galement appliqu\u00e9 durant le championnat et ce d\u00e8s le 12 septembre contre Tirlemont.<\/p>\n<h4>&gt; Pr\u00e9vente ouverte d\u00e8s ce jeudi 26\/08 \u00e0 18h !<\/h4>\n<p><strong>La pr\u00e9vente pour cette rencontre d\u00e9butera ce jeudi 26 ao\u00fbt d\u00e8s 20h :\u00a0<a href=\"https:\/\/frontoffice.byemisys.com\/shop\/RFCLiege2020\/rfcliege2021\/fr\/ticket\/\" target=\"_blank\" rel=\"noopener\">https:\/\/frontoffice.byemisys.com\/shop\/RFCLiege2020\/rfcliege2021\/fr\/ticket\/<\/a><\/strong><\/p>\n<p>Des pr\u00e9ventes physiques seront \u00e9galement organis\u00e9es \u00e0 Rocourt :<\/p>\n<p>&#8211; Vendredi 27\/08 de 17h \u00e0 19h<br \/>\n&#8211; Samedi 28\/08 pendant le Fan Day<br \/>\n&#8211; Lundi 30\/08 de 17h \u00e0 19h<br \/>\n&#8211; Mercredi 01\/09 de 16h \u00e0 20h<br \/>\n&#8211; Jeudi 02\/09 de 17h \u00e0 19h30<br \/>\n&#8211; Vendredi 03\/09 de 17h \u00e0 19h30<br \/>\n&#8211; Samedi 04\/09 de 11h \u00e0 16h<\/p>\n<p>Prix : 10\u20ac tribune debout et 15\u20ac tribune assise<\/p>\n<p>Les abonn\u00e9s en tribune assise ont jusque samedi 28\/08 inclus (Fan Day) pour r\u00e9server leur si\u00e8ge habituel repris sur leur abonnement.<\/p>\n<p>Lors de ces pr\u00e9ventes, il sera \u00e9galement possible, pour ceux qui ne l&rsquo;auraient pas encore fait, de retirer son abonnement ou d&rsquo;en souscrire un.<\/p>\n<p>Les supporters de Westerlo ne sont pas autoris\u00e9s \u00e0 faire le d\u00e9placement en raison des mesures Covid.<\/p>\n<p>Li\u00e9geois, tous \u00e0 Rocourt !<\/p>\n","protected":false},"excerpt":{"rendered":"<p>&nbsp; Apr\u00e8s avoir obtenu la qualification \u00e0 l\u2019Olympic de Charleroi devant 177 supporters locaux (!), le FC Li\u00e9geois affrontera Westerlo le dimanche 5 septembre \u00e0 16h \u00e0 Rocourt. Pour cette rencontre, les hommes de Drazen Brncic pourront compter sur le soutien de leur public puisque le stade de Rocourt pourra accueillir les supporters Sang et [&hellip;]<\/p>\n","protected":false},"author":12,"featured_media":0,"comment_status":"closed","ping_status":"closed","sticky":false,"template":"","format":"standard","meta":{"iawp_total_views":2},"categories":[26,28],"tags":[],"_links":{"self":[{"href":"https:\/\/fcliege.be\/fr\/wp-json\/wp\/v2\/posts\/17229"}],"collection":[{"href":"https:\/\/fcliege.be\/fr\/wp-json\/wp\/v2\/posts"}],"about":[{"href":"https:\/\/fcliege.be\/fr\/wp-json\/wp\/v2\/types\/post"}],"author":[{"embeddable":true,"href":"https:\/\/fcliege.be\/fr\/wp-json\/wp\/v2\/users\/12"}],"replies":[{"embeddable":true,"href":"https:\/\/fcliege.be\/fr\/wp-json\/wp\/v2\/comments?post=17229"}],"version-history":[{"count":12,"href":"https:\/\/fcliege.be\/fr\/wp-json\/wp\/v2\/posts\/17229\/revisions"}],"predecessor-version":[{"id":17283,"href":"https:\/\/fcliege.be\/fr\/wp-json\/wp\/v2\/posts\/17229\/revisions\/17283"}],"wp:attachment":[{"href":"https:\/\/fcliege.be\/fr\/wp-json\/wp\/v2\/media?parent=17229"}],"wp:term":[{"taxonomy":"category","embeddable":true,"href":"https:\/\/fcliege.be\/fr\/wp-json\/wp\/v2\/categories?post=17229"},{"taxonomy":"post_tag","embeddable":true,"href":"https:\/\/fcliege.be\/fr\/wp-json\/wp\/v2\/tags?post=17229"}],"curies":[{"name":"wp","href":"https:\/\/api.w.org\/{rel}","templated":true}]}}