{"id":17772,"date":"2021-11-13T18:00:48","date_gmt":"2021-11-13T16:00:48","guid":{"rendered":"http:\/\/fcliege.be\/fr\/?p=17772"},"modified":"2021-11-13T18:05:40","modified_gmt":"2021-11-13T16:05:40","slug":"equipe-a-brncic-absent-contre-boom","status":"publish","type":"post","link":"https:\/\/fcliege.be\/fr\/equipe-a-brncic-absent-contre-boom\/","title":{"rendered":"Equipe A | Brncic absent contre Boom"},"content":{"rendered":"<p>&nbsp;<\/p>\n<h4 style=\"font-weight: 400;\">Notre entra\u00eeneur Drazen Brncic ne coachera pas le match contre Boom demain.<\/h4>\n<p style=\"font-weight: 400;\">Souffrant depuis plusieurs jours et absent des entrainements, le coach du RFCL a \u00e9t\u00e9 test\u00e9 positif au Covid.<\/p>\n<p style=\"font-weight: 400;\">Le directeur sportif G\u00e4etan <strong>Englebert<\/strong> assistera S\u00e9bastien <strong>Huyghe<\/strong> et Pierre <strong>Drouguet<\/strong> dans le coaching de la rencontre de ce dimanche.<\/p>\n<p style=\"font-weight: 400;\">Nous souhaitons \u00e0 Drazen un prompt r\u00e9tablissement et nous esp\u00e9rons le revoir rapidement apr\u00e8s la quarantaine et l\u2019isolement requis.<\/p>\n","protected":false},"excerpt":{"rendered":"<p>&nbsp; Notre entra\u00eeneur Drazen Brncic ne coachera pas le match contre Boom demain. Souffrant depuis plusieurs jours et absent des entrainements, le coach du RFCL a \u00e9t\u00e9 test\u00e9 positif au Covid. Le directeur sportif G\u00e4etan Englebert assistera S\u00e9bastien Huyghe et Pierre Drouguet dans le coaching de la rencontre de ce dimanche. Nous souhaitons \u00e0 Drazen [&hellip;]<\/p>\n","protected":false},"author":12,"featured_media":17773,"comment_status":"closed","ping_status":"closed","sticky":false,"template":"","format":"standard","meta":{"iawp_total_views":3},"categories":[24,26],"tags":[],"_links":{"self":[{"href":"https:\/\/fcliege.be\/fr\/wp-json\/wp\/v2\/posts\/17772"}],"collection":[{"href":"https:\/\/fcliege.be\/fr\/wp-json\/wp\/v2\/posts"}],"about":[{"href":"https:\/\/fcliege.be\/fr\/wp-json\/wp\/v2\/types\/post"}],"author":[{"embeddable":true,"href":"https:\/\/fcliege.be\/fr\/wp-json\/wp\/v2\/users\/12"}],"replies":[{"embeddable":true,"href":"https:\/\/fcliege.be\/fr\/wp-json\/wp\/v2\/comments?post=17772"}],"version-history":[{"count":8,"href":"https:\/\/fcliege.be\/fr\/wp-json\/wp\/v2\/posts\/17772\/revisions"}],"predecessor-version":[{"id":17781,"href":"https:\/\/fcliege.be\/fr\/wp-json\/wp\/v2\/posts\/17772\/revisions\/17781"}],"wp:featuredmedia":[{"embeddable":true,"href":"https:\/\/fcliege.be\/fr\/wp-json\/wp\/v2\/media\/17773"}],"wp:attachment":[{"href":"https:\/\/fcliege.be\/fr\/wp-json\/wp\/v2\/media?parent=17772"}],"wp:term":[{"taxonomy":"category","embeddable":true,"href":"https:\/\/fcliege.be\/fr\/wp-json\/wp\/v2\/categories?post=17772"},{"taxonomy":"post_tag","embeddable":true,"href":"https:\/\/fcliege.be\/fr\/wp-json\/wp\/v2\/tags?post=17772"}],"curies":[{"name":"wp","href":"https:\/\/api.w.org\/{rel}","templated":true}]}}