{"id":17895,"date":"2021-11-30T13:00:35","date_gmt":"2021-11-30T11:00:35","guid":{"rendered":"http:\/\/fcliege.be\/fr\/?p=17895"},"modified":"2021-11-30T13:03:38","modified_gmt":"2021-11-30T11:03:38","slug":"nathan-gosselain-a-ete-opere-hier-avec-succes","status":"publish","type":"post","link":"https:\/\/fcliege.be\/fr\/nathan-gosselain-a-ete-opere-hier-avec-succes\/","title":{"rendered":"Nathan Gosselain a \u00e9t\u00e9 op\u00e9r\u00e9 hier avec succ\u00e8s !"},"content":{"rendered":"<p>&nbsp;<\/p>\n<h4>Bless\u00e9 au genou droit lors de la rencontre \u00e0 Sint-Eloois-Winkel le 31 octobre dernier, Nathan Gosselain a subi hier une intervention chirurgicale au niveau des ligaments crois\u00e9s.<\/h4>\n<p>Tout s\u2019est bien d\u00e9roul\u00e9 et Nathan quittera l\u2019h\u00f4pital cet apr\u00e8s midi avec b\u00e9quilles et at\u00e8le. Il d\u00e9butera sa longue r\u00e9\u00e9ducation d\u00e8s demain. Celle-ci devrait durer 6 mois.<\/p>\n<p>Nathan est confiant : <em>\u00ab Je vais tout mettre en \u0153uvre pour revenir le plus vite possible et pourquoi pas d\u00e9j\u00e0 \u00eatre dans le groupe pour la fin du championnat. \u00bb<\/em><\/p>\n<p>Le club adresse \u00e0 Nathan <strong>Gosselain<\/strong> tous ses v\u0153ux pour se r\u00e9tablir correctement et pour le revoir le plus vite possible sur le terrain.<\/p>\n","protected":false},"excerpt":{"rendered":"<p>&nbsp; Bless\u00e9 au genou droit lors de la rencontre \u00e0 Sint-Eloois-Winkel le 31 octobre dernier, Nathan Gosselain a subi hier une intervention chirurgicale au niveau des ligaments crois\u00e9s. Tout s\u2019est bien d\u00e9roul\u00e9 et Nathan quittera l\u2019h\u00f4pital cet apr\u00e8s midi avec b\u00e9quilles et at\u00e8le. Il d\u00e9butera sa longue r\u00e9\u00e9ducation d\u00e8s demain. Celle-ci devrait durer 6 mois. [&hellip;]<\/p>\n","protected":false},"author":12,"featured_media":17896,"comment_status":"closed","ping_status":"closed","sticky":false,"template":"","format":"standard","meta":{"iawp_total_views":2},"categories":[24,26],"tags":[],"_links":{"self":[{"href":"https:\/\/fcliege.be\/fr\/wp-json\/wp\/v2\/posts\/17895"}],"collection":[{"href":"https:\/\/fcliege.be\/fr\/wp-json\/wp\/v2\/posts"}],"about":[{"href":"https:\/\/fcliege.be\/fr\/wp-json\/wp\/v2\/types\/post"}],"author":[{"embeddable":true,"href":"https:\/\/fcliege.be\/fr\/wp-json\/wp\/v2\/users\/12"}],"replies":[{"embeddable":true,"href":"https:\/\/fcliege.be\/fr\/wp-json\/wp\/v2\/comments?post=17895"}],"version-history":[{"count":2,"href":"https:\/\/fcliege.be\/fr\/wp-json\/wp\/v2\/posts\/17895\/revisions"}],"predecessor-version":[{"id":17898,"href":"https:\/\/fcliege.be\/fr\/wp-json\/wp\/v2\/posts\/17895\/revisions\/17898"}],"wp:featuredmedia":[{"embeddable":true,"href":"https:\/\/fcliege.be\/fr\/wp-json\/wp\/v2\/media\/17896"}],"wp:attachment":[{"href":"https:\/\/fcliege.be\/fr\/wp-json\/wp\/v2\/media?parent=17895"}],"wp:term":[{"taxonomy":"category","embeddable":true,"href":"https:\/\/fcliege.be\/fr\/wp-json\/wp\/v2\/categories?post=17895"},{"taxonomy":"post_tag","embeddable":true,"href":"https:\/\/fcliege.be\/fr\/wp-json\/wp\/v2\/tags?post=17895"}],"curies":[{"name":"wp","href":"https:\/\/api.w.org\/{rel}","templated":true}]}}