{"id":18277,"date":"2022-03-14T12:15:02","date_gmt":"2022-03-14T10:15:02","guid":{"rendered":"http:\/\/fcliege.be\/fr\/?p=18277"},"modified":"2022-03-14T14:00:10","modified_gmt":"2022-03-14T12:00:10","slug":"gaetan-englebert-remplace-drazen-brncic","status":"publish","type":"post","link":"https:\/\/fcliege.be\/fr\/gaetan-englebert-remplace-drazen-brncic\/","title":{"rendered":"Ga\u00ebtan Englebert remplace Drazen Brncic"},"content":{"rendered":"<p>&nbsp;<\/p>\n<p><strong>Le Royal Football Club Li\u00e9geois communique qu\u2019il a malheureusement \u00e9t\u00e9 contraint, ce 13 mars, de mettre fin au contrat de son entra\u00eeneur Drazen Brncic.<\/strong><\/p>\n<p>Au-del\u00e0 des r\u00e9sultats d\u00e9cevants des derni\u00e8res semaines, le club s\u2019est inqui\u00e9t\u00e9 du niveau de jeu d\u00e9velopp\u00e9 et consid\u00e8re qu\u2019un \u00e9lectrochoc est n\u00e9cessaire.<\/p>\n<p>Il remercie <strong>Drazen Brncic<\/strong> pour sa passion, son professionnalisme et son apport pendant ses deux ans \u00e0 la t\u00eate de l\u2019\u00e9quipe.<\/p>\n<p><img decoding=\"async\" loading=\"lazy\" class=\"aligncenter wp-image-18280 size-large\" src=\"https:\/\/fcliege.be\/fr\/wp-content\/uploads\/2022\/03\/brncic-17-1024x683.jpg\" alt=\"Drazen Brncic\" width=\"960\" height=\"640\" srcset=\"https:\/\/fcliege.be\/fr\/wp-content\/uploads\/2022\/03\/brncic-17-1024x683.jpg 1024w, https:\/\/fcliege.be\/fr\/wp-content\/uploads\/2022\/03\/brncic-17-300x200.jpg 300w, https:\/\/fcliege.be\/fr\/wp-content\/uploads\/2022\/03\/brncic-17-768x512.jpg 768w\" sizes=\"(max-width: 960px) 100vw, 960px\" \/><\/p>\n<p><strong>Ga\u00ebtan Englebert<\/strong>, jusqu\u2019ici directeur sportif du club, ancien Diable Rouge et titulaire de la UEFA Pro License, assurera sa succession, d\u00e8s dimanche dans le match au sommet contre le leader, <strong>Dessel<\/strong>.<\/p>\n<p>Le club lance, \u00e0 cette occasion, un appel \u00e0 ses fid\u00e8les supporters pour qu\u2019ils soutiennent pleinement leurs joueurs dans cette p\u00e9riode difficile, en vue d\u2019atteindre l\u2019objectif avou\u00e9 de se qualifier pour le tour final. Le club mobilise depuis des mois toutes les \u00e9nergies, tant sur le plan humain que mat\u00e9riel, pour atteindre la <strong>D1B<\/strong>, et ce n\u2019est qu&rsquo;avec le soutien de ses supporters, son 12\u00e8me homme, qu\u2019il peut y arriver.<\/p>\n<p>Le <strong>RFCL<\/strong> ne fera pas d\u2019autre commentaire sur le sujet avant ce mardi 15 mars \u00e0 14h30 \u00e0 <strong>Rocourt<\/strong>, o\u00f9 le pr\u00e9sident <strong>Jean-Paul Lacomble<\/strong> et Ga\u00ebtan Englebert seront disponibles pour la presse.<\/p>\n","protected":false},"excerpt":{"rendered":"<p>&nbsp; Le Royal Football Club Li\u00e9geois communique qu\u2019il a malheureusement \u00e9t\u00e9 contraint, ce 13 mars, de mettre fin au contrat de son entra\u00eeneur Drazen Brncic. Au-del\u00e0 des r\u00e9sultats d\u00e9cevants des derni\u00e8res semaines, le club s\u2019est inqui\u00e9t\u00e9 du niveau de jeu d\u00e9velopp\u00e9 et consid\u00e8re qu\u2019un \u00e9lectrochoc est n\u00e9cessaire. Il remercie Drazen Brncic pour sa passion, son [&hellip;]<\/p>\n","protected":false},"author":13,"featured_media":18279,"comment_status":"closed","ping_status":"closed","sticky":false,"template":"","format":"standard","meta":{"iawp_total_views":1},"categories":[24,26],"tags":[],"_links":{"self":[{"href":"https:\/\/fcliege.be\/fr\/wp-json\/wp\/v2\/posts\/18277"}],"collection":[{"href":"https:\/\/fcliege.be\/fr\/wp-json\/wp\/v2\/posts"}],"about":[{"href":"https:\/\/fcliege.be\/fr\/wp-json\/wp\/v2\/types\/post"}],"author":[{"embeddable":true,"href":"https:\/\/fcliege.be\/fr\/wp-json\/wp\/v2\/users\/13"}],"replies":[{"embeddable":true,"href":"https:\/\/fcliege.be\/fr\/wp-json\/wp\/v2\/comments?post=18277"}],"version-history":[{"count":2,"href":"https:\/\/fcliege.be\/fr\/wp-json\/wp\/v2\/posts\/18277\/revisions"}],"predecessor-version":[{"id":18281,"href":"https:\/\/fcliege.be\/fr\/wp-json\/wp\/v2\/posts\/18277\/revisions\/18281"}],"wp:featuredmedia":[{"embeddable":true,"href":"https:\/\/fcliege.be\/fr\/wp-json\/wp\/v2\/media\/18279"}],"wp:attachment":[{"href":"https:\/\/fcliege.be\/fr\/wp-json\/wp\/v2\/media?parent=18277"}],"wp:term":[{"taxonomy":"category","embeddable":true,"href":"https:\/\/fcliege.be\/fr\/wp-json\/wp\/v2\/categories?post=18277"},{"taxonomy":"post_tag","embeddable":true,"href":"https:\/\/fcliege.be\/fr\/wp-json\/wp\/v2\/tags?post=18277"}],"curies":[{"name":"wp","href":"https:\/\/api.w.org\/{rel}","templated":true}]}}