{"id":18420,"date":"2022-04-13T21:58:05","date_gmt":"2022-04-13T19:58:05","guid":{"rendered":"http:\/\/fcliege.be\/fr\/?p=18420"},"modified":"2022-04-20T16:19:03","modified_gmt":"2022-04-20T14:19:03","slug":"communique-licence-d1b-et-rfcl-dender","status":"publish","type":"post","link":"https:\/\/fcliege.be\/fr\/communique-licence-d1b-et-rfcl-dender\/","title":{"rendered":"Communiqu\u00e9 | Licence D1B et RFCL-Dender"},"content":{"rendered":"<p>&nbsp;<\/p>\n<p><strong>Le Royal Football Club Li\u00e9geois est heureux de confirmer qu&rsquo;il a, conform\u00e9ment \u00e0 l&rsquo;avis favorable d\u00e9j\u00e0 rendu par l&rsquo;Auditorat des licences, officiellement re\u00e7u la licence lui permettant de participer au championnat de D1B, et donc de regagner le monde professionnel.<\/strong><\/p>\n<p>Ce moment de bonheur est n\u00e9anmoins terni, car le <strong>RFCL<\/strong> a appris avec stup\u00e9faction que la victoire qu&rsquo;il avait sportivement et indiscutablement obtenue contre <strong>Dender<\/strong>, le 27 mars, lui \u00e9tait querell\u00e9e.<\/p>\n<p>Selon les informations en possession du club, il appara\u00eet que le Comit\u00e9 sportif de l\u2019<strong>Union belge<\/strong> s\u2019est auto-saisi d\u2019un probl\u00e8me, relatif \u00e0 la feuille du match\u200e (le 18\u00e8me joueur inscrit avait plus de 21 ans) mais qui n&rsquo;a pas eu la moindre influence sur le d\u00e9roulement de celui-ci.<\/p>\n<p>Lors d&rsquo;une audience du comit\u00e9 sportif de ce 13 avril, le club de Dender, quoique non officiellement convoqu\u00e9 et donc de fa\u00e7on interpellante, est intervenu pour demander qu&rsquo;une sanction de forfait soit appliqu\u00e9e.<\/p>\n<p>Le RFCL confirme qu&rsquo;il place sa totale confiance dans les instances du football belge pour faire respecter les principes fondamentaux du droit, et par ailleurs l&rsquo;\u00e9quit\u00e9 sportive.<\/p>\n<p>Il confirme qu&rsquo;\u00e0 d\u00e9faut, il se battra dans le cadre de toutes les proc\u00e9dures possibles, afin que sa victoire indiscutable ne lui soit pas d\u00e9rob\u00e9e et, dans l&rsquo;int\u00e9r\u00eat du sport et du football, que la fin de la comp\u00e9tition ne soit pas fauss\u00e9e sur tapis vert \u200e.<\/p>\n","protected":false},"excerpt":{"rendered":"<p>&nbsp; Le Royal Football Club Li\u00e9geois est heureux de confirmer qu&rsquo;il a, conform\u00e9ment \u00e0 l&rsquo;avis favorable d\u00e9j\u00e0 rendu par l&rsquo;Auditorat des licences, officiellement re\u00e7u la licence lui permettant de participer au championnat de D1B, et donc de regagner le monde professionnel. Ce moment de bonheur est n\u00e9anmoins terni, car le RFCL a appris avec stup\u00e9faction [&hellip;]<\/p>\n","protected":false},"author":13,"featured_media":0,"comment_status":"closed","ping_status":"closed","sticky":false,"template":"","format":"standard","meta":{"iawp_total_views":0},"categories":[24],"tags":[],"_links":{"self":[{"href":"https:\/\/fcliege.be\/fr\/wp-json\/wp\/v2\/posts\/18420"}],"collection":[{"href":"https:\/\/fcliege.be\/fr\/wp-json\/wp\/v2\/posts"}],"about":[{"href":"https:\/\/fcliege.be\/fr\/wp-json\/wp\/v2\/types\/post"}],"author":[{"embeddable":true,"href":"https:\/\/fcliege.be\/fr\/wp-json\/wp\/v2\/users\/13"}],"replies":[{"embeddable":true,"href":"https:\/\/fcliege.be\/fr\/wp-json\/wp\/v2\/comments?post=18420"}],"version-history":[{"count":2,"href":"https:\/\/fcliege.be\/fr\/wp-json\/wp\/v2\/posts\/18420\/revisions"}],"predecessor-version":[{"id":18422,"href":"https:\/\/fcliege.be\/fr\/wp-json\/wp\/v2\/posts\/18420\/revisions\/18422"}],"wp:attachment":[{"href":"https:\/\/fcliege.be\/fr\/wp-json\/wp\/v2\/media?parent=18420"}],"wp:term":[{"taxonomy":"category","embeddable":true,"href":"https:\/\/fcliege.be\/fr\/wp-json\/wp\/v2\/categories?post=18420"},{"taxonomy":"post_tag","embeddable":true,"href":"https:\/\/fcliege.be\/fr\/wp-json\/wp\/v2\/tags?post=18420"}],"curies":[{"name":"wp","href":"https:\/\/api.w.org\/{rel}","templated":true}]}}