{"id":18527,"date":"2022-05-03T17:33:11","date_gmt":"2022-05-03T15:33:11","guid":{"rendered":"http:\/\/fcliege.be\/fr\/?p=18527"},"modified":"2022-05-03T17:33:11","modified_gmt":"2022-05-03T15:33:11","slug":"communique-reaction-a-des-propos-tenus-dans-la-presse","status":"publish","type":"post","link":"https:\/\/fcliege.be\/fr\/communique-reaction-a-des-propos-tenus-dans-la-presse\/","title":{"rendered":"Communiqu\u00e9 | R\u00e9action \u00e0 des propos tenus dans la presse"},"content":{"rendered":"<p>&nbsp;<\/p>\n<h4>Le RFC Li\u00e9geois a pris connaissance avec stup\u00e9faction et col\u00e8re d\u2019une publication du journal Het Laatste Nieuws, dans laquelle un joueur du club de Dender aurait (au conditionnel tant de tels propos sont difficilement imaginables) indiqu\u00e9 qu\u2019un joueur du club de Mandel lui aurait affirm\u00e9 que le RFC Li\u00e9geois leur aurait promis une prime pour battre Dender.<\/h4>\n<p>De tels propos, s\u2019ils ont \u00e9t\u00e9 tenus, ne seraient pas seulement grotesques, ils seraient surtout constitutifs de diffamation. Le RFC Li\u00e9geois va entreprendre toutes les d\u00e9marches utiles conduisant \u00e0 la sanction de tels propos, y compris sur le plan p\u00e9nal.<\/p>\n<p>Il appelle par ailleurs le club de <strong>Dender<\/strong> \u00e0 conserver un minimum de d\u00e9cence et de sportivit\u00e9, afin que la course \u00e0 la mont\u00e9e en D1B ne soit pas fauss\u00e9e par d\u2019incessantes tentatives de d\u00e9stabilisation.<\/p>\n","protected":false},"excerpt":{"rendered":"<p>&nbsp; Le RFC Li\u00e9geois a pris connaissance avec stup\u00e9faction et col\u00e8re d\u2019une publication du journal Het Laatste Nieuws, dans laquelle un joueur du club de Dender aurait (au conditionnel tant de tels propos sont difficilement imaginables) indiqu\u00e9 qu\u2019un joueur du club de Mandel lui aurait affirm\u00e9 que le RFC Li\u00e9geois leur aurait promis une prime [&hellip;]<\/p>\n","protected":false},"author":12,"featured_media":0,"comment_status":"closed","ping_status":"closed","sticky":false,"template":"","format":"standard","meta":{"iawp_total_views":0},"categories":[24],"tags":[],"_links":{"self":[{"href":"https:\/\/fcliege.be\/fr\/wp-json\/wp\/v2\/posts\/18527"}],"collection":[{"href":"https:\/\/fcliege.be\/fr\/wp-json\/wp\/v2\/posts"}],"about":[{"href":"https:\/\/fcliege.be\/fr\/wp-json\/wp\/v2\/types\/post"}],"author":[{"embeddable":true,"href":"https:\/\/fcliege.be\/fr\/wp-json\/wp\/v2\/users\/12"}],"replies":[{"embeddable":true,"href":"https:\/\/fcliege.be\/fr\/wp-json\/wp\/v2\/comments?post=18527"}],"version-history":[{"count":1,"href":"https:\/\/fcliege.be\/fr\/wp-json\/wp\/v2\/posts\/18527\/revisions"}],"predecessor-version":[{"id":18528,"href":"https:\/\/fcliege.be\/fr\/wp-json\/wp\/v2\/posts\/18527\/revisions\/18528"}],"wp:attachment":[{"href":"https:\/\/fcliege.be\/fr\/wp-json\/wp\/v2\/media?parent=18527"}],"wp:term":[{"taxonomy":"category","embeddable":true,"href":"https:\/\/fcliege.be\/fr\/wp-json\/wp\/v2\/categories?post=18527"},{"taxonomy":"post_tag","embeddable":true,"href":"https:\/\/fcliege.be\/fr\/wp-json\/wp\/v2\/tags?post=18527"}],"curies":[{"name":"wp","href":"https:\/\/api.w.org\/{rel}","templated":true}]}}