{"id":18700,"date":"2022-05-23T18:29:06","date_gmt":"2022-05-23T16:29:06","guid":{"rendered":"http:\/\/fcliege.be\/fr\/?p=18700"},"modified":"2022-05-24T17:04:23","modified_gmt":"2022-05-24T15:04:23","slug":"communique-dossier-rfcl-dender-2","status":"publish","type":"post","link":"https:\/\/fcliege.be\/fr\/communique-dossier-rfcl-dender-2\/","title":{"rendered":"Communiqu\u00e9 | Dossier RFCL-Dender"},"content":{"rendered":"<p>&nbsp;<\/p>\n<p><strong>Hier, dimanche 22 mai, le FC Li\u00e9geois a m\u00e9ritoirement battu le club de Dender et, apr\u00e8s avoir d\u00e9j\u00e0 remport\u00e9 le championnat r\u00e9gulier, a pris la t\u00eate du tour final pour la mont\u00e9e.\u00a0Sans doute par pure co\u00efncidence, c\u2019est ce lundi 23 mai que le Sportcomit\u00e9 a notifi\u00e9 sa d\u00e9cision suite \u00e0 l\u2019erreur sur la feuille du match du 27 mars, soit il y a pr\u00e8s de deux mois !<\/strong><\/p>\n<p>Cette d\u00e9cision est stup\u00e9fiante, puisqu\u2019elle condamne le Football Club Li\u00e9geois \u00e0 une double peine, \u00e0 savoir le retrait des 3 points qu\u2019il avait remport\u00e9 sans discussion possible sur le terrain (3-0), et leur octroi gracieux au club de Dender. Ce faisant le Sportcomit\u00e9 tente d\u2019annuler les r\u00e9sultats sportifs et de restituer administrativement au club de Dender la premi\u00e8re place qu\u2019il a perdue sur le terrain.<\/p>\n<p>Compte tenu de la fa\u00e7on d\u00e9loyale dont il a \u00e9t\u00e9 trait\u00e9 tout au long de cette proc\u00e9dure, compte tenu du caract\u00e8re inique de cette d\u00e9cision, qui viole l&rsquo;\u00e9thique sportive et fausse le tour final pour la mont\u00e9e en D1B, et compte tenu de sa motivation totalement contestable, qui viole gravement plusieurs principes fondamentaux du droit, le RFCL va imm\u00e9diatement interjeter appel. Cet appel est suspensif, de sorte que le classement sportif n\u2019est pas fauss\u00e9 et que la v\u00e9rit\u00e9 du terrain s\u2019exprimera une nouvelle fois.<\/p>\n<p><em>\u00ab\u00a0La fa\u00e7on de le RFCL a \u00e9t\u00e9 trait\u00e9 dans cette proc\u00e9dure est scandaleuse\u00a0\u00bb<\/em>, d\u00e9nonce Ma\u00eetre Ernes, l\u2019avocat du club. <em>\u00ab\u00a0Non seulement la proc\u00e9dure a \u00e9t\u00e9 men\u00e9e de fa\u00e7on in\u00e9quitable, mais sur le fond, quand on sait que pour avoir align\u00e9 un joueur qui n\u2019\u00e9tait pas inscrit sur la feuille, ce qui est nettement plus grave, un autre club de la m\u00eame s\u00e9rie a re\u00e7u il y a 2 mois une simple amende de 1000\u20ac, alors qu\u2019ici la sanction la plus disproportionn\u00e9e qui soit est prononc\u00e9e, on nage en plein arbitraire\u00a0\u00bb<\/em>.<\/p>\n<p>Le Football Club Li\u00e9geois confirme d\u00e8s lors qu&rsquo;il m\u00e8nera toutes les proc\u00e9dures utiles \u00e0 la sauvegarde de ses droits, mais plus g\u00e9n\u00e9ralement \u00e0 la sauvegarde de l&rsquo;\u00e9quit\u00e9 sportive et des principes \u00e9l\u00e9mentaires de droit, m\u00eame au sein des instances du football belge.<\/p>\n","protected":false},"excerpt":{"rendered":"<p>&nbsp; Hier, dimanche 22 mai, le FC Li\u00e9geois a m\u00e9ritoirement battu le club de Dender et, apr\u00e8s avoir d\u00e9j\u00e0 remport\u00e9 le championnat r\u00e9gulier, a pris la t\u00eate du tour final pour la mont\u00e9e.\u00a0Sans doute par pure co\u00efncidence, c\u2019est ce lundi 23 mai que le Sportcomit\u00e9 a notifi\u00e9 sa d\u00e9cision suite \u00e0 l\u2019erreur sur la feuille [&hellip;]<\/p>\n","protected":false},"author":12,"featured_media":0,"comment_status":"closed","ping_status":"closed","sticky":false,"template":"","format":"standard","meta":{"iawp_total_views":0},"categories":[1,24],"tags":[],"_links":{"self":[{"href":"https:\/\/fcliege.be\/fr\/wp-json\/wp\/v2\/posts\/18700"}],"collection":[{"href":"https:\/\/fcliege.be\/fr\/wp-json\/wp\/v2\/posts"}],"about":[{"href":"https:\/\/fcliege.be\/fr\/wp-json\/wp\/v2\/types\/post"}],"author":[{"embeddable":true,"href":"https:\/\/fcliege.be\/fr\/wp-json\/wp\/v2\/users\/12"}],"replies":[{"embeddable":true,"href":"https:\/\/fcliege.be\/fr\/wp-json\/wp\/v2\/comments?post=18700"}],"version-history":[{"count":4,"href":"https:\/\/fcliege.be\/fr\/wp-json\/wp\/v2\/posts\/18700\/revisions"}],"predecessor-version":[{"id":18706,"href":"https:\/\/fcliege.be\/fr\/wp-json\/wp\/v2\/posts\/18700\/revisions\/18706"}],"wp:attachment":[{"href":"https:\/\/fcliege.be\/fr\/wp-json\/wp\/v2\/media?parent=18700"}],"wp:term":[{"taxonomy":"category","embeddable":true,"href":"https:\/\/fcliege.be\/fr\/wp-json\/wp\/v2\/categories?post=18700"},{"taxonomy":"post_tag","embeddable":true,"href":"https:\/\/fcliege.be\/fr\/wp-json\/wp\/v2\/tags?post=18700"}],"curies":[{"name":"wp","href":"https:\/\/api.w.org\/{rel}","templated":true}]}}