{"id":18782,"date":"2022-07-29T08:00:02","date_gmt":"2022-07-29T06:00:02","guid":{"rendered":"http:\/\/fcliege.be\/fr\/?p=18782"},"modified":"2022-07-29T11:14:57","modified_gmt":"2022-07-29T09:14:57","slug":"2022-2023-matchs-de-preparation","status":"publish","type":"post","link":"https:\/\/fcliege.be\/fr\/2022-2023-matchs-de-preparation\/","title":{"rendered":"Pr\u00e9paration | RFCL-Raeren-Eynatten le 02\/08"},"content":{"rendered":"<p>&nbsp;<\/p>\n<h4>Ci-dessous, le programme des amicaux du RFC Li\u00e8ge.<\/h4>\n<p>Une rencontre a \u00e9t\u00e9 ajout\u00e9e au programme, face \u00e0 <strong>Raeren-Eynatten<\/strong>, coach\u00e9 par notre ancien capitaine Eric <strong>Vandebon<\/strong> ! Elle se disputera \u00e0 Rocourt le mardi 2 ao\u00fbt \u00e0 19h00.<\/p>\n<p>A domicile, <strong>les abonn\u00e9s b\u00e9n\u00e9ficient de l\u2019acc\u00e8s gratuit<\/strong>. Pour les non-abonn\u00e9s, le prix unique est de 5\u20ac. Il est possible de souscrire son abonnement au stade le jour des matchs.<\/p>\n<p><strong>Calendrier des matchs \u00e0 venir<\/strong><\/p>\n<p>MVV Maastricht-<strong>RFCL\u00a0<\/strong>: 30 juillet \u00e0 19h00 (Maastricht, sans supporters li\u00e9geois)<br \/>\n<strong>RFCL<\/strong>-Raeren-Eynatten : 2 ao\u00fbt \u00e0 19h00<br \/>\nVirton<strong>-RFCL\u00a0<\/strong>: 3 ao\u00fbt \u00e0 19h30 (Blegny)<\/p>\n","protected":false},"excerpt":{"rendered":"<p>&nbsp; Ci-dessous, le programme des amicaux du RFC Li\u00e8ge. Une rencontre a \u00e9t\u00e9 ajout\u00e9e au programme, face \u00e0 Raeren-Eynatten, coach\u00e9 par notre ancien capitaine Eric Vandebon ! Elle se disputera \u00e0 Rocourt le mardi 2 ao\u00fbt \u00e0 19h00. A domicile, les abonn\u00e9s b\u00e9n\u00e9ficient de l\u2019acc\u00e8s gratuit. Pour les non-abonn\u00e9s, le prix unique est de 5\u20ac. [&hellip;]<\/p>\n","protected":false},"author":12,"featured_media":18998,"comment_status":"closed","ping_status":"closed","sticky":false,"template":"","format":"standard","meta":{"iawp_total_views":0},"categories":[24,26],"tags":[],"_links":{"self":[{"href":"https:\/\/fcliege.be\/fr\/wp-json\/wp\/v2\/posts\/18782"}],"collection":[{"href":"https:\/\/fcliege.be\/fr\/wp-json\/wp\/v2\/posts"}],"about":[{"href":"https:\/\/fcliege.be\/fr\/wp-json\/wp\/v2\/types\/post"}],"author":[{"embeddable":true,"href":"https:\/\/fcliege.be\/fr\/wp-json\/wp\/v2\/users\/12"}],"replies":[{"embeddable":true,"href":"https:\/\/fcliege.be\/fr\/wp-json\/wp\/v2\/comments?post=18782"}],"version-history":[{"count":21,"href":"https:\/\/fcliege.be\/fr\/wp-json\/wp\/v2\/posts\/18782\/revisions"}],"predecessor-version":[{"id":19053,"href":"https:\/\/fcliege.be\/fr\/wp-json\/wp\/v2\/posts\/18782\/revisions\/19053"}],"wp:featuredmedia":[{"embeddable":true,"href":"https:\/\/fcliege.be\/fr\/wp-json\/wp\/v2\/media\/18998"}],"wp:attachment":[{"href":"https:\/\/fcliege.be\/fr\/wp-json\/wp\/v2\/media?parent=18782"}],"wp:term":[{"taxonomy":"category","embeddable":true,"href":"https:\/\/fcliege.be\/fr\/wp-json\/wp\/v2\/categories?post=18782"},{"taxonomy":"post_tag","embeddable":true,"href":"https:\/\/fcliege.be\/fr\/wp-json\/wp\/v2\/tags?post=18782"}],"curies":[{"name":"wp","href":"https:\/\/api.w.org\/{rel}","templated":true}]}}