{"id":18911,"date":"2022-07-01T15:29:03","date_gmt":"2022-07-01T13:29:03","guid":{"rendered":"http:\/\/fcliege.be\/fr\/?p=18911"},"modified":"2022-07-01T15:29:03","modified_gmt":"2022-07-01T13:29:03","slug":"eric-allard-nouveau-cq-du-matricule-4","status":"publish","type":"post","link":"https:\/\/fcliege.be\/fr\/eric-allard-nouveau-cq-du-matricule-4\/","title":{"rendered":"Eric Allard nouveau CQ du Matricule 4"},"content":{"rendered":"<p>&nbsp;<\/p>\n<p><em>\u00ab\u00a0Lorsqu\u2019un collaborateur du club est en charge d\u2019une t\u00e2che, il me semble juste qu\u2019il en porte le titre de fa\u00e7on officielle\u00a0\u00bb<\/em>, indique Pierre <strong>Fran\u00e7ois<\/strong> pour justifier qu\u2019il ait d\u00e9sign\u00e9 \u00c9ric <strong>Allard<\/strong> comme correspondant qualifi\u00e9.<\/p>\n<p>\u00c9ric travaille comme b\u00e9n\u00e9vole depuis deux saisons \u00e0 l\u2019\u00e9cole des jeunes et est le p\u00e8re de Lukas (U14). La fonction de correspondant qualifi\u00e9 est une t\u00e2che essentielle qu\u2019\u00c9ric exercera en totale collaboration avec notre directeur g\u00e9n\u00e9ral, Gaetan Englebert et Dominique Renson.<\/p>\n<p>F\u00e9licitations \u00c9ric et bon travail !<\/p>\n","protected":false},"excerpt":{"rendered":"<p>&nbsp; \u00ab\u00a0Lorsqu\u2019un collaborateur du club est en charge d\u2019une t\u00e2che, il me semble juste qu\u2019il en porte le titre de fa\u00e7on officielle\u00a0\u00bb, indique Pierre Fran\u00e7ois pour justifier qu\u2019il ait d\u00e9sign\u00e9 \u00c9ric Allard comme correspondant qualifi\u00e9. \u00c9ric travaille comme b\u00e9n\u00e9vole depuis deux saisons \u00e0 l\u2019\u00e9cole des jeunes et est le p\u00e8re de Lukas (U14). La fonction [&hellip;]<\/p>\n","protected":false},"author":12,"featured_media":18913,"comment_status":"closed","ping_status":"closed","sticky":false,"template":"","format":"standard","meta":{"iawp_total_views":28},"categories":[1,24],"tags":[],"_links":{"self":[{"href":"https:\/\/fcliege.be\/fr\/wp-json\/wp\/v2\/posts\/18911"}],"collection":[{"href":"https:\/\/fcliege.be\/fr\/wp-json\/wp\/v2\/posts"}],"about":[{"href":"https:\/\/fcliege.be\/fr\/wp-json\/wp\/v2\/types\/post"}],"author":[{"embeddable":true,"href":"https:\/\/fcliege.be\/fr\/wp-json\/wp\/v2\/users\/12"}],"replies":[{"embeddable":true,"href":"https:\/\/fcliege.be\/fr\/wp-json\/wp\/v2\/comments?post=18911"}],"version-history":[{"count":1,"href":"https:\/\/fcliege.be\/fr\/wp-json\/wp\/v2\/posts\/18911\/revisions"}],"predecessor-version":[{"id":18912,"href":"https:\/\/fcliege.be\/fr\/wp-json\/wp\/v2\/posts\/18911\/revisions\/18912"}],"wp:featuredmedia":[{"embeddable":true,"href":"https:\/\/fcliege.be\/fr\/wp-json\/wp\/v2\/media\/18913"}],"wp:attachment":[{"href":"https:\/\/fcliege.be\/fr\/wp-json\/wp\/v2\/media?parent=18911"}],"wp:term":[{"taxonomy":"category","embeddable":true,"href":"https:\/\/fcliege.be\/fr\/wp-json\/wp\/v2\/categories?post=18911"},{"taxonomy":"post_tag","embeddable":true,"href":"https:\/\/fcliege.be\/fr\/wp-json\/wp\/v2\/tags?post=18911"}],"curies":[{"name":"wp","href":"https:\/\/api.w.org\/{rel}","templated":true}]}}