{"id":18915,"date":"2022-07-05T10:23:09","date_gmt":"2022-07-05T08:23:09","guid":{"rendered":"http:\/\/fcliege.be\/fr\/?p=18915"},"modified":"2022-07-14T19:31:27","modified_gmt":"2022-07-14T17:31:27","slug":"offre-de-stage-en-communication","status":"publish","type":"post","link":"https:\/\/fcliege.be\/fr\/offre-de-stage-en-communication\/","title":{"rendered":"Offre de stage en communication (cl\u00f4tur\u00e9e)"},"content":{"rendered":"<p>&nbsp;<\/p>\n<h4>Le profil de la fonction ? Un stagiaire en communication avec la cr\u00e9ation de contenu comme finalit\u00e9.<\/h4>\n<p>Le RFCL est \u00e0 la recherche de stagiaires dans le secteur de la communication. Les candidats retenus seront charg\u00e9s de cr\u00e9er des contenus dynamiques (texte, photos, vid\u00e9os) en vue d\u2019alimenter les r\u00e9seaux sociaux et le site officiel du club.<\/p>\n<p>Ce stage est destin\u00e9 aux \u00e9tudiants qui suivent une formation en Marketing, Communication, Journalisme, Relations Publiques ou toutes autres formations apparent\u00e9es.<\/p>\n<p><strong>Au programme du stage :<\/strong><\/p>\n<p>&#8211; Plan de communication<br \/>\n&#8211; Strat\u00e9gie digitale<br \/>\n&#8211; Alimenter les r\u00e9seaux sociaux via Facebook, Instagram, You Tube &amp; Twitter<br \/>\n&#8211; Participer au d\u00e9veloppement du site internet et de sa mise \u00e0 jour<br \/>\n&#8211; Relations Presse &amp; visibilit\u00e9 aupr\u00e8s des m\u00e9dias<br \/>\n&#8211; \u00c9v\u00e9nements et rencontres sportives<br \/>\n&#8211; Cr\u00e9er et g\u00e9rer des supports\/contenus textes, visuels et audiovisuels<\/p>\n<p><strong>Aptitudes demand\u00e9es :<\/strong><\/p>\n<p>&#8211; \u00catre dynamique<br \/>\n&#8211; Notions de la suite Office et \u00e9ventuellement Adobe<br \/>\n&#8211; Communiquer ais\u00e9ment<br \/>\n&#8211; S&rsquo;adapter aux \u00e9volutions technologiques<br \/>\n&#8211; \u00catre autonome mais aussi capacit\u00e9 \u00e0 travailler en \u00e9quipe<br \/>\n&#8211; Savoir cr\u00e9er des contenus engageants<br \/>\n&#8211; \u00catre \u00e0 l\u2019aise devant et derri\u00e8re la cam\u00e9ra<br \/>\n&#8211; \u00catre tr\u00e8s organis\u00e9.e, et avoir d\u2019excellentes qualit\u00e9s d\u2019expression \u00e9crite et orale en fran\u00e7ais<br \/>\n&#8211; Ma\u00eetrise des outils de cr\u00e9ation de contenu<br \/>\n&#8211; Permis B souhait\u00e9<\/p>\n<p><strong>&gt; Les candidatures sont \u00e0 envoyer par mail \u00e0 l&rsquo;adresse suivante : <a href=\"mailto:communication@fcliege.be\">communication@fcliege.be<\/a><\/strong><\/p>\n","protected":false},"excerpt":{"rendered":"<p>&nbsp; Le profil de la fonction ? Un stagiaire en communication avec la cr\u00e9ation de contenu comme finalit\u00e9. Le RFCL est \u00e0 la recherche de stagiaires dans le secteur de la communication. Les candidats retenus seront charg\u00e9s de cr\u00e9er des contenus dynamiques (texte, photos, vid\u00e9os) en vue d\u2019alimenter les r\u00e9seaux sociaux et le site officiel [&hellip;]<\/p>\n","protected":false},"author":12,"featured_media":0,"comment_status":"closed","ping_status":"closed","sticky":false,"template":"","format":"standard","meta":{"iawp_total_views":54},"categories":[1],"tags":[],"_links":{"self":[{"href":"https:\/\/fcliege.be\/fr\/wp-json\/wp\/v2\/posts\/18915"}],"collection":[{"href":"https:\/\/fcliege.be\/fr\/wp-json\/wp\/v2\/posts"}],"about":[{"href":"https:\/\/fcliege.be\/fr\/wp-json\/wp\/v2\/types\/post"}],"author":[{"embeddable":true,"href":"https:\/\/fcliege.be\/fr\/wp-json\/wp\/v2\/users\/12"}],"replies":[{"embeddable":true,"href":"https:\/\/fcliege.be\/fr\/wp-json\/wp\/v2\/comments?post=18915"}],"version-history":[{"count":11,"href":"https:\/\/fcliege.be\/fr\/wp-json\/wp\/v2\/posts\/18915\/revisions"}],"predecessor-version":[{"id":18949,"href":"https:\/\/fcliege.be\/fr\/wp-json\/wp\/v2\/posts\/18915\/revisions\/18949"}],"wp:attachment":[{"href":"https:\/\/fcliege.be\/fr\/wp-json\/wp\/v2\/media?parent=18915"}],"wp:term":[{"taxonomy":"category","embeddable":true,"href":"https:\/\/fcliege.be\/fr\/wp-json\/wp\/v2\/categories?post=18915"},{"taxonomy":"post_tag","embeddable":true,"href":"https:\/\/fcliege.be\/fr\/wp-json\/wp\/v2\/tags?post=18915"}],"curies":[{"name":"wp","href":"https:\/\/api.w.org\/{rel}","templated":true}]}}