{"id":18944,"date":"2022-07-13T20:03:54","date_gmt":"2022-07-13T18:03:54","guid":{"rendered":"http:\/\/fcliege.be\/fr\/?p=18944"},"modified":"2022-07-13T20:04:03","modified_gmt":"2022-07-13T18:04:03","slug":"prolongations-jeremy-et-benjamin-prolongent","status":"publish","type":"post","link":"https:\/\/fcliege.be\/fr\/prolongations-jeremy-et-benjamin-prolongent\/","title":{"rendered":"Prolongations | Jeremy et Benjamin jusqu&rsquo;en 2024 !"},"content":{"rendered":"<p>&nbsp;<\/p>\n<h4>Ceci \u00e9tait esp\u00e9r\u00e9 par tous eu \u00e9gard \u00e0 leurs performances, \u00e0 leurs statistiques et \u00e0 l\u2019importance des deux joueurs dans le noyau tout au long de la saison \u00e9coul\u00e9e.<\/h4>\n<p>Les contrats de Jeremy <strong>Perbet<\/strong> et de Benjamin <strong>Lambot<\/strong> qui devaient venir \u00e0 \u00e9ch\u00e9ance en juin 2023 sont prolong\u00e9s d\u2019une saison avec en point de mire la promotion du Matricule 4 en Challenger Pro League.<\/p>\n<p>Apr\u00e8s le renouvellement de plusieurs contrats venus \u00e0 terme, apr\u00e8s l\u2019arriv\u00e9e de premiers renforts et la prolongation de ces deux contrats, le club va poursuivre sereinement son recrutement pour \u00eatre en ordre de bataille d\u00e8s le premier match officiel en Coupe de Belgique le 14 ao\u00fbt.<\/p>\n","protected":false},"excerpt":{"rendered":"<p>&nbsp; Ceci \u00e9tait esp\u00e9r\u00e9 par tous eu \u00e9gard \u00e0 leurs performances, \u00e0 leurs statistiques et \u00e0 l\u2019importance des deux joueurs dans le noyau tout au long de la saison \u00e9coul\u00e9e. Les contrats de Jeremy Perbet et de Benjamin Lambot qui devaient venir \u00e0 \u00e9ch\u00e9ance en juin 2023 sont prolong\u00e9s d\u2019une saison avec en point de [&hellip;]<\/p>\n","protected":false},"author":12,"featured_media":18946,"comment_status":"closed","ping_status":"closed","sticky":false,"template":"","format":"standard","meta":{"iawp_total_views":0},"categories":[24,26],"tags":[],"_links":{"self":[{"href":"https:\/\/fcliege.be\/fr\/wp-json\/wp\/v2\/posts\/18944"}],"collection":[{"href":"https:\/\/fcliege.be\/fr\/wp-json\/wp\/v2\/posts"}],"about":[{"href":"https:\/\/fcliege.be\/fr\/wp-json\/wp\/v2\/types\/post"}],"author":[{"embeddable":true,"href":"https:\/\/fcliege.be\/fr\/wp-json\/wp\/v2\/users\/12"}],"replies":[{"embeddable":true,"href":"https:\/\/fcliege.be\/fr\/wp-json\/wp\/v2\/comments?post=18944"}],"version-history":[{"count":2,"href":"https:\/\/fcliege.be\/fr\/wp-json\/wp\/v2\/posts\/18944\/revisions"}],"predecessor-version":[{"id":18947,"href":"https:\/\/fcliege.be\/fr\/wp-json\/wp\/v2\/posts\/18944\/revisions\/18947"}],"wp:featuredmedia":[{"embeddable":true,"href":"https:\/\/fcliege.be\/fr\/wp-json\/wp\/v2\/media\/18946"}],"wp:attachment":[{"href":"https:\/\/fcliege.be\/fr\/wp-json\/wp\/v2\/media?parent=18944"}],"wp:term":[{"taxonomy":"category","embeddable":true,"href":"https:\/\/fcliege.be\/fr\/wp-json\/wp\/v2\/categories?post=18944"},{"taxonomy":"post_tag","embeddable":true,"href":"https:\/\/fcliege.be\/fr\/wp-json\/wp\/v2\/tags?post=18944"}],"curies":[{"name":"wp","href":"https:\/\/api.w.org\/{rel}","templated":true}]}}