{"id":18972,"date":"2022-07-20T18:57:59","date_gmt":"2022-07-20T16:57:59","guid":{"rendered":"http:\/\/fcliege.be\/fr\/?p=18972"},"modified":"2022-07-20T18:58:18","modified_gmt":"2022-07-20T16:58:18","slug":"mercato-arrivee-a-rocourt-de-ryan-merlen","status":"publish","type":"post","link":"https:\/\/fcliege.be\/fr\/mercato-arrivee-a-rocourt-de-ryan-merlen\/","title":{"rendered":"Mercato | Arriv\u00e9e \u00e0 Rocourt de Ryan Merlen"},"content":{"rendered":"<p>&nbsp;<\/p>\n<h4>Un accord a \u00e9t\u00e9 trouv\u00e9 ce jour entre Ryan Merlen, son conseil et le club.<\/h4>\n<p>Cela faisait plusieurs jours que ce joueur de talent de 20 ans (1m87) form\u00e9 au <strong>RC Lens<\/strong> (o\u00f9 il avait sign\u00e9 son premier contrat professionnel) s\u2019entrainait avec le groupe. Il avait \u00e9galement disput\u00e9 la premi\u00e8re mi-temps de la rencontre amicale \u00e0 huis clos contre les U23 du <strong>Standard<\/strong>.<\/p>\n<p>Ryan s\u2019engage pour deux saisons et entend, \u00e0 son poste de pr\u00e9dilection (milieu d\u00e9fensif), mettre ses qualit\u00e9s au service de l\u2019\u00e9quipe. <em>\u00ab\u00a0Nous recherchions un joueur de qualit\u00e9 pour remplacer Rodes qui n\u2019avait pas renouvel\u00e9 son contrat pr\u00e9f\u00e9rant rejoindre le club de Dender. Des joueurs avec une exp\u00e9rience en Pro League nous ont \u00e9t\u00e9 propos\u00e9s mais finalement notre choix s\u2019est port\u00e9 sur un jeune joueur qui a d\u00e9j\u00e0 fait ses preuves et qui nous para\u00eet avoir un fort potentiel de progr\u00e8s\u00a0\u00bb<\/em>, indique Ga\u00ebtan <strong>Englebert<\/strong>.<\/p>\n","protected":false},"excerpt":{"rendered":"<p>&nbsp; Un accord a \u00e9t\u00e9 trouv\u00e9 ce jour entre Ryan Merlen, son conseil et le club. Cela faisait plusieurs jours que ce joueur de talent de 20 ans (1m87) form\u00e9 au RC Lens (o\u00f9 il avait sign\u00e9 son premier contrat professionnel) s\u2019entrainait avec le groupe. Il avait \u00e9galement disput\u00e9 la premi\u00e8re mi-temps de la rencontre [&hellip;]<\/p>\n","protected":false},"author":12,"featured_media":18974,"comment_status":"closed","ping_status":"closed","sticky":false,"template":"","format":"standard","meta":{"iawp_total_views":2},"categories":[24,26],"tags":[],"_links":{"self":[{"href":"https:\/\/fcliege.be\/fr\/wp-json\/wp\/v2\/posts\/18972"}],"collection":[{"href":"https:\/\/fcliege.be\/fr\/wp-json\/wp\/v2\/posts"}],"about":[{"href":"https:\/\/fcliege.be\/fr\/wp-json\/wp\/v2\/types\/post"}],"author":[{"embeddable":true,"href":"https:\/\/fcliege.be\/fr\/wp-json\/wp\/v2\/users\/12"}],"replies":[{"embeddable":true,"href":"https:\/\/fcliege.be\/fr\/wp-json\/wp\/v2\/comments?post=18972"}],"version-history":[{"count":3,"href":"https:\/\/fcliege.be\/fr\/wp-json\/wp\/v2\/posts\/18972\/revisions"}],"predecessor-version":[{"id":18976,"href":"https:\/\/fcliege.be\/fr\/wp-json\/wp\/v2\/posts\/18972\/revisions\/18976"}],"wp:featuredmedia":[{"embeddable":true,"href":"https:\/\/fcliege.be\/fr\/wp-json\/wp\/v2\/media\/18974"}],"wp:attachment":[{"href":"https:\/\/fcliege.be\/fr\/wp-json\/wp\/v2\/media?parent=18972"}],"wp:term":[{"taxonomy":"category","embeddable":true,"href":"https:\/\/fcliege.be\/fr\/wp-json\/wp\/v2\/categories?post=18972"},{"taxonomy":"post_tag","embeddable":true,"href":"https:\/\/fcliege.be\/fr\/wp-json\/wp\/v2\/tags?post=18972"}],"curies":[{"name":"wp","href":"https:\/\/api.w.org\/{rel}","templated":true}]}}