{"id":19017,"date":"2022-07-27T00:09:58","date_gmt":"2022-07-26T22:09:58","guid":{"rendered":"http:\/\/fcliege.be\/fr\/?p=19017"},"modified":"2022-07-27T00:09:58","modified_gmt":"2022-07-26T22:09:58","slug":"jeunes-reprise-u6-a-u13","status":"publish","type":"post","link":"https:\/\/fcliege.be\/fr\/jeunes-reprise-u6-a-u13\/","title":{"rendered":"Jeunes | Reprise U6 \u00e0 U13"},"content":{"rendered":"<p>&nbsp;<\/p>\n<h4>Ci-dessous, les dates de reprise de plusieurs cat\u00e9gories de notre \u00e9cole des jeunes.<\/h4>\n<p><strong>U6 \u00e0 U9<\/strong> : lundi 1er ao\u00fbt \u00e0 18h \u00e0 Rocourt<\/p>\n<p><strong>U10 \u00e0 U13<\/strong> : mardi 2 ao\u00fbt \u00e0 18h \u00e0 Rocourt<\/p>\n","protected":false},"excerpt":{"rendered":"<p>&nbsp; Ci-dessous, les dates de reprise de plusieurs cat\u00e9gories de notre \u00e9cole des jeunes. U6 \u00e0 U9 : lundi 1er ao\u00fbt \u00e0 18h \u00e0 Rocourt U10 \u00e0 U13 : mardi 2 ao\u00fbt \u00e0 18h \u00e0 Rocourt<\/p>\n","protected":false},"author":12,"featured_media":19018,"comment_status":"closed","ping_status":"closed","sticky":false,"template":"","format":"standard","meta":{"iawp_total_views":2},"categories":[24,23],"tags":[],"_links":{"self":[{"href":"https:\/\/fcliege.be\/fr\/wp-json\/wp\/v2\/posts\/19017"}],"collection":[{"href":"https:\/\/fcliege.be\/fr\/wp-json\/wp\/v2\/posts"}],"about":[{"href":"https:\/\/fcliege.be\/fr\/wp-json\/wp\/v2\/types\/post"}],"author":[{"embeddable":true,"href":"https:\/\/fcliege.be\/fr\/wp-json\/wp\/v2\/users\/12"}],"replies":[{"embeddable":true,"href":"https:\/\/fcliege.be\/fr\/wp-json\/wp\/v2\/comments?post=19017"}],"version-history":[{"count":1,"href":"https:\/\/fcliege.be\/fr\/wp-json\/wp\/v2\/posts\/19017\/revisions"}],"predecessor-version":[{"id":19019,"href":"https:\/\/fcliege.be\/fr\/wp-json\/wp\/v2\/posts\/19017\/revisions\/19019"}],"wp:featuredmedia":[{"embeddable":true,"href":"https:\/\/fcliege.be\/fr\/wp-json\/wp\/v2\/media\/19018"}],"wp:attachment":[{"href":"https:\/\/fcliege.be\/fr\/wp-json\/wp\/v2\/media?parent=19017"}],"wp:term":[{"taxonomy":"category","embeddable":true,"href":"https:\/\/fcliege.be\/fr\/wp-json\/wp\/v2\/categories?post=19017"},{"taxonomy":"post_tag","embeddable":true,"href":"https:\/\/fcliege.be\/fr\/wp-json\/wp\/v2\/tags?post=19017"}],"curies":[{"name":"wp","href":"https:\/\/api.w.org\/{rel}","templated":true}]}}