{"id":19054,"date":"2022-08-03T18:00:54","date_gmt":"2022-08-03T16:00:54","guid":{"rendered":"http:\/\/fcliege.be\/fr\/?p=19054"},"modified":"2022-08-03T18:39:11","modified_gmt":"2022-08-03T16:39:11","slug":"mercato-un-gardien-nous-rejoint","status":"publish","type":"post","link":"https:\/\/fcliege.be\/fr\/mercato-un-gardien-nous-rejoint\/","title":{"rendered":"Mercato | Antoine Lejoly au RFCL !"},"content":{"rendered":"<p>&nbsp;<\/p>\n<h4>Le RFCL et le Beerschot VA ont trouv\u00e9 un accord pour le transfert d&rsquo;Antoine Lejoly (24 ans).<\/h4>\n<p>Le gardien (1m87) originaire de Verviers et form\u00e9 au <strong>Standard<\/strong> a d\u00e9cid\u00e9 de poursuivre sa carri\u00e8re sous les couleurs du Matricule 4 apr\u00e8s 4 saisons \u00e0 Anvers. Antoine <strong>Lejoly<\/strong> avait \u00e9t\u00e9 remarqu\u00e9 pour ses bonnes prestations dans les buts du Beerschot en Jupiler Pro League en fin de saison derni\u00e8re.<\/p>\n<p>Le club et le joueur ont sign\u00e9 un contrat portant sur 3 saisons. Bienvenue !<\/p>\n","protected":false},"excerpt":{"rendered":"<p>&nbsp; Le RFCL et le Beerschot VA ont trouv\u00e9 un accord pour le transfert d&rsquo;Antoine Lejoly (24 ans). Le gardien (1m87) originaire de Verviers et form\u00e9 au Standard a d\u00e9cid\u00e9 de poursuivre sa carri\u00e8re sous les couleurs du Matricule 4 apr\u00e8s 4 saisons \u00e0 Anvers. Antoine Lejoly avait \u00e9t\u00e9 remarqu\u00e9 pour ses bonnes prestations dans [&hellip;]<\/p>\n","protected":false},"author":12,"featured_media":19102,"comment_status":"closed","ping_status":"closed","sticky":false,"template":"","format":"standard","meta":{"iawp_total_views":4},"categories":[24,26],"tags":[],"_links":{"self":[{"href":"https:\/\/fcliege.be\/fr\/wp-json\/wp\/v2\/posts\/19054"}],"collection":[{"href":"https:\/\/fcliege.be\/fr\/wp-json\/wp\/v2\/posts"}],"about":[{"href":"https:\/\/fcliege.be\/fr\/wp-json\/wp\/v2\/types\/post"}],"author":[{"embeddable":true,"href":"https:\/\/fcliege.be\/fr\/wp-json\/wp\/v2\/users\/12"}],"replies":[{"embeddable":true,"href":"https:\/\/fcliege.be\/fr\/wp-json\/wp\/v2\/comments?post=19054"}],"version-history":[{"count":6,"href":"https:\/\/fcliege.be\/fr\/wp-json\/wp\/v2\/posts\/19054\/revisions"}],"predecessor-version":[{"id":19103,"href":"https:\/\/fcliege.be\/fr\/wp-json\/wp\/v2\/posts\/19054\/revisions\/19103"}],"wp:featuredmedia":[{"embeddable":true,"href":"https:\/\/fcliege.be\/fr\/wp-json\/wp\/v2\/media\/19102"}],"wp:attachment":[{"href":"https:\/\/fcliege.be\/fr\/wp-json\/wp\/v2\/media?parent=19054"}],"wp:term":[{"taxonomy":"category","embeddable":true,"href":"https:\/\/fcliege.be\/fr\/wp-json\/wp\/v2\/categories?post=19054"},{"taxonomy":"post_tag","embeddable":true,"href":"https:\/\/fcliege.be\/fr\/wp-json\/wp\/v2\/tags?post=19054"}],"curies":[{"name":"wp","href":"https:\/\/api.w.org\/{rel}","templated":true}]}}