{"id":19608,"date":"2022-09-15T12:16:41","date_gmt":"2022-09-15T10:16:41","guid":{"rendered":"http:\/\/fcliege.be\/fr\/?p=19608"},"modified":"2022-09-15T12:16:41","modified_gmt":"2022-09-15T10:16:41","slug":"journee-handifoot-le-22-09-a-rocourt","status":"publish","type":"post","link":"https:\/\/fcliege.be\/fr\/journee-handifoot-le-22-09-a-rocourt\/","title":{"rendered":"Journ\u00e9e handifoot le 22\/09 \u00e0 Rocourt"},"content":{"rendered":"<p>&nbsp;<\/p>\n<h4>La journ\u00e9e s\u2019adresse aux personnes, adultes ou mineures, pr\u00e9sentant une d\u00e9ficience intellectuelle l\u00e9g\u00e8re \u00e0 profonde, d\u00e9sirant s&rsquo;initier \u00e0 la pratique du football de mani\u00e8re adapt\u00e9e \u00e0 leurs capacit\u00e9s.<\/h4>\n<p>Il s&rsquo;agit d&rsquo;une initiative de la <strong>F\u00e9MA<\/strong> (F\u00e9d\u00e9ration Multisports Adapt\u00e9s), qui chapeaute des projets handisports en Wallonie. La journ\u00e9e \u00e0 Rocourt aura lieu le <strong>22 septembre<\/strong> et est organis\u00e9e en collaboration, notamment, avec l&rsquo;<strong>ASPH<\/strong>,\u00a0<strong>Alt\u00e9o,\u00a0<\/strong>l&rsquo;<strong>ACFF<\/strong> et, bien s\u00fbr, le <strong>RFC Li\u00e8ge<\/strong>, tr\u00e8s heureux d&rsquo;accueillir cet \u00e9v\u00e9nement.<\/p>\n<p><strong>Quoi ?<\/strong> Deux types d\u2019activit\u00e9s seront propos\u00e9es lors de cette journ\u00e9e : des matchs de <strong>football \u00e0 8 contre 8<\/strong> (terrain r\u00e9duit, temps de jeu r\u00e9duit, pauses, changements libres, etc) et des activit\u00e9s de <strong>festifoot<\/strong> (jeux footballistiques sur des petites surfaces, simples \u00e0 comprendre et \u00e0 r\u00e9aliser).<\/p>\n<p><strong>Quand ?<\/strong> Le 22\/09, accueil \u00e0 9h, activit\u00e9s de 10h \u00e0 14h, temps de midi dans la buvette du club.<\/p>\n<p><strong>O\u00f9 ?<\/strong> Au stade de Rocourt, rue de la tonne 80 \u00e0 Li\u00e8ge.<\/p>\n<p><strong>Inscription obligatoire aupr\u00e8s de la F\u00e9MA :<\/strong><br \/>\n&gt; Par mail : sensibilisation@sportadapte.be<br \/>\n&gt; <a href=\"https:\/\/docs.google.com\/forms\/d\/e\/1FAIpQLSeUOAPjw3CnfGX3NtL9t1da_cEfkmuUeo2H37m5-_LeDYD10Q\/viewform\" target=\"_blank\" rel=\"noopener\">Via un formulaire sur leur site en cliquant ici<\/a><\/p>\n","protected":false},"excerpt":{"rendered":"<p>&nbsp; La journ\u00e9e s\u2019adresse aux personnes, adultes ou mineures, pr\u00e9sentant une d\u00e9ficience intellectuelle l\u00e9g\u00e8re \u00e0 profonde, d\u00e9sirant s&rsquo;initier \u00e0 la pratique du football de mani\u00e8re adapt\u00e9e \u00e0 leurs capacit\u00e9s. Il s&rsquo;agit d&rsquo;une initiative de la F\u00e9MA (F\u00e9d\u00e9ration Multisports Adapt\u00e9s), qui chapeaute des projets handisports en Wallonie. La journ\u00e9e \u00e0 Rocourt aura lieu le 22 septembre [&hellip;]<\/p>\n","protected":false},"author":12,"featured_media":19638,"comment_status":"closed","ping_status":"closed","sticky":false,"template":"","format":"standard","meta":{"iawp_total_views":7},"categories":[1,24],"tags":[],"_links":{"self":[{"href":"https:\/\/fcliege.be\/fr\/wp-json\/wp\/v2\/posts\/19608"}],"collection":[{"href":"https:\/\/fcliege.be\/fr\/wp-json\/wp\/v2\/posts"}],"about":[{"href":"https:\/\/fcliege.be\/fr\/wp-json\/wp\/v2\/types\/post"}],"author":[{"embeddable":true,"href":"https:\/\/fcliege.be\/fr\/wp-json\/wp\/v2\/users\/12"}],"replies":[{"embeddable":true,"href":"https:\/\/fcliege.be\/fr\/wp-json\/wp\/v2\/comments?post=19608"}],"version-history":[{"count":20,"href":"https:\/\/fcliege.be\/fr\/wp-json\/wp\/v2\/posts\/19608\/revisions"}],"predecessor-version":[{"id":19658,"href":"https:\/\/fcliege.be\/fr\/wp-json\/wp\/v2\/posts\/19608\/revisions\/19658"}],"wp:featuredmedia":[{"embeddable":true,"href":"https:\/\/fcliege.be\/fr\/wp-json\/wp\/v2\/media\/19638"}],"wp:attachment":[{"href":"https:\/\/fcliege.be\/fr\/wp-json\/wp\/v2\/media?parent=19608"}],"wp:term":[{"taxonomy":"category","embeddable":true,"href":"https:\/\/fcliege.be\/fr\/wp-json\/wp\/v2\/categories?post=19608"},{"taxonomy":"post_tag","embeddable":true,"href":"https:\/\/fcliege.be\/fr\/wp-json\/wp\/v2\/tags?post=19608"}],"curies":[{"name":"wp","href":"https:\/\/api.w.org\/{rel}","templated":true}]}}