{"id":19705,"date":"2022-09-24T09:15:59","date_gmt":"2022-09-24T07:15:59","guid":{"rendered":"http:\/\/fcliege.be\/fr\/?p=19705"},"modified":"2022-09-24T02:18:04","modified_gmt":"2022-09-24T00:18:04","slug":"partenaire-la-ferme-a-larbre-primee","status":"publish","type":"post","link":"https:\/\/fcliege.be\/fr\/partenaire-la-ferme-a-larbre-primee\/","title":{"rendered":"Partenaire | La Ferme \u00e0 l&rsquo;Arbre prim\u00e9e !"},"content":{"rendered":"<p>&nbsp;<\/p>\n<h4>Notre partenaire \u00ab\u00a0La Ferme \u00e0 l&rsquo;Arbre\u00a0\u00bb a remport\u00e9 l&rsquo;European Organic Award 2022 !<\/h4>\n<p>Un grand jour pour la famille <strong>P\u00e2que<\/strong> et l&rsquo;\u00e9quipe de <strong>la Ferme \u00e0 l&rsquo;Arbre de Li\u00e8ge<\/strong>, qui remporte l\u00e0 un prix des plus prestigieux. Le magasin a re\u00e7u son prix \u00e0 la Commission europ\u00e9enne au Berlaymont (Bruxelles) ce vendredi.<\/p>\n<p>La Ferme \u00e0 l&rsquo;Arbre de Li\u00e8ge a d\u00e9croch\u00e9 la palme dans la cat\u00e9gorie <strong>meilleur retailer bio d&rsquo;Europe<\/strong>, parmi plus de 2000 candidatures. Le magasin 100% bio \u00e0 la ferme devient ainsi officiellement un mod\u00e8le pour plus de 440 millions d&rsquo;habitants sur le continent ! <strong>Le RFC Li\u00e8ge adresse toutes ses f\u00e9licitations \u00e0 son partenaire !<\/strong><\/p>\n","protected":false},"excerpt":{"rendered":"<p>&nbsp; Notre partenaire \u00ab\u00a0La Ferme \u00e0 l&rsquo;Arbre\u00a0\u00bb a remport\u00e9 l&rsquo;European Organic Award 2022 ! Un grand jour pour la famille P\u00e2que et l&rsquo;\u00e9quipe de la Ferme \u00e0 l&rsquo;Arbre de Li\u00e8ge, qui remporte l\u00e0 un prix des plus prestigieux. Le magasin a re\u00e7u son prix \u00e0 la Commission europ\u00e9enne au Berlaymont (Bruxelles) ce vendredi. La Ferme [&hellip;]<\/p>\n","protected":false},"author":12,"featured_media":19713,"comment_status":"closed","ping_status":"closed","sticky":false,"template":"","format":"standard","meta":{"iawp_total_views":0},"categories":[1,24],"tags":[],"_links":{"self":[{"href":"https:\/\/fcliege.be\/fr\/wp-json\/wp\/v2\/posts\/19705"}],"collection":[{"href":"https:\/\/fcliege.be\/fr\/wp-json\/wp\/v2\/posts"}],"about":[{"href":"https:\/\/fcliege.be\/fr\/wp-json\/wp\/v2\/types\/post"}],"author":[{"embeddable":true,"href":"https:\/\/fcliege.be\/fr\/wp-json\/wp\/v2\/users\/12"}],"replies":[{"embeddable":true,"href":"https:\/\/fcliege.be\/fr\/wp-json\/wp\/v2\/comments?post=19705"}],"version-history":[{"count":6,"href":"https:\/\/fcliege.be\/fr\/wp-json\/wp\/v2\/posts\/19705\/revisions"}],"predecessor-version":[{"id":19712,"href":"https:\/\/fcliege.be\/fr\/wp-json\/wp\/v2\/posts\/19705\/revisions\/19712"}],"wp:featuredmedia":[{"embeddable":true,"href":"https:\/\/fcliege.be\/fr\/wp-json\/wp\/v2\/media\/19713"}],"wp:attachment":[{"href":"https:\/\/fcliege.be\/fr\/wp-json\/wp\/v2\/media?parent=19705"}],"wp:term":[{"taxonomy":"category","embeddable":true,"href":"https:\/\/fcliege.be\/fr\/wp-json\/wp\/v2\/categories?post=19705"},{"taxonomy":"post_tag","embeddable":true,"href":"https:\/\/fcliege.be\/fr\/wp-json\/wp\/v2\/tags?post=19705"}],"curies":[{"name":"wp","href":"https:\/\/api.w.org\/{rel}","templated":true}]}}