{"id":19847,"date":"2022-10-14T13:33:29","date_gmt":"2022-10-14T11:33:29","guid":{"rendered":"http:\/\/fcliege.be\/fr\/?p=19847"},"modified":"2022-11-15T14:29:13","modified_gmt":"2022-11-15T12:29:13","slug":"interview-kevin-debaty","status":"publish","type":"post","link":"https:\/\/fcliege.be\/fr\/interview-kevin-debaty\/","title":{"rendered":"Interview | La parole \u00e0 Kevin Debaty"},"content":{"rendered":"<p>&nbsp;<\/p>\n<h4>L&rsquo;interview de la semaine, en compagnie de notre gardien Kevin Debaty.<\/h4>\n<p><strong>Comment est l\u2019ambiance dans le groupe apr\u00e8s la petite d\u00e9ception face \u00e0 Tirlemont ?<\/strong><\/p>\n<p>L\u2019ambiance est toujours bonne. Nous avons eu deux jours de cong\u00e9 avec des exercices individuels \u00e0 r\u00e9aliser \u00e0 la maison. Nous sommes impatients d\u2019attaquer la fin de la semaine o\u00f9 nous aurons trois entra\u00eenements pour pr\u00e9parer au mieux notre match de dimanche.<\/p>\n<p><strong>Pas de nouvelle clean sheet dimanche dernier, n\u2019est-ce que partie remise ?<\/strong><\/p>\n<p>Bien s\u00fbr ! C\u2019est vrai que j\u2019\u00e9tais d\u00e9\u00e7u de ne pas avoir pu garder le z\u00e9ro face \u00e0 Tirlemont, et ce malgr\u00e9 tous nos efforts. Mais oui ce n\u2019est que partie remise et on est pr\u00eat \u00e0 r\u00e9it\u00e9rer cela d\u00e8s dimanche face \u00e0 l\u2019Antwerp.<\/p>\n<p><strong>Comment vous sentez-vous \u00e0 l\u2019id\u00e9e d\u2019affronter vos anciennes couleurs ?<\/strong><\/p>\n<p>Je suis motiv\u00e9 comme toujours car \u00e7a reste un match comme les autres. L\u2019Antwerp reste un club tr\u00e8s sp\u00e9cial pour moi car j\u2019y ai v\u00e9cu de tr\u00e8s bons moments, notamment un titre de champion de division 2. J\u2019ai \u00e9galement jou\u00e9 mon premier match en D1 sous leurs couleurs. Mais, bien que ce soit un club sp\u00e9cial \u00e0 mes yeux, il n\u2019y aura pas de place pour les sentiments dimanche !<\/p>\n<p><strong>Le huis clos change \u00e9videmment la donne. Que pensez-vous de cette d\u00e9cision ?<\/strong><\/p>\n<p>Je ne suis pas fan du huis clos en r\u00e8gle g\u00e9n\u00e9rale. Je pr\u00e9f\u00e8re jouer devant nos supporters qui mettent l\u2019ambiance. Mais la d\u00e9cision a \u00e9t\u00e9 prise et on ne peut que la respecter. Attention cependant de rester attentif car l\u2019atmosph\u00e8re ressemblera plus \u00e0 celle d&rsquo;un match amical qu\u2019\u00e0 un match de championnat. Il faudra bien faire la diff\u00e9rence et \u00eatre pr\u00eat mentalement pour prendre les trois points.<\/p>\n<p><strong>Li\u00e8ge est d\u00e9sormais 4e. Est-ce que ne plus \u00eatre dans le top 3 est une pression suppl\u00e9mentaire ?<\/strong><\/p>\n<p>Le classement n\u2019est pour le moment pas le plus important. En effet, il reste encore 30 matchs \u00e0 jouer, soit nonante points \u00e0 prendre. Ce qui importe, c\u2019est d\u2019\u00eatre dans les trois premiers \u00e0 la fin de la saison. Pour l\u2019instant, il faut prendre match par match et on verra o\u00f9 on se situera d\u2019ici peu. Toutefois, il est vrai que plus longtemps on est dans le top 3, mieux c\u2019est pour nous.<\/p>\n<p><strong>Est-ce que la prestation de Simon Mignolet mercredi vous donne des id\u00e9es pour les matchs \u00e0 venir ?<\/strong><\/p>\n<p>Bien s\u00fbr, il a fait une prestation 5 \u00e9toiles. Il a r\u00e9alis\u00e9 les arr\u00eats qu\u2019il fallait au bon moment et il a \u00e9t\u00e9 d\u00e9cisif lors des matchs de Ligue des Champions. Il a \u00e9t\u00e9 h\u00e9ro\u00efque comme toute son \u00e9quipe. Lorsqu\u2019un gardien fait des miracles cela donne de la confiance \u00e0 tout le groupe. C\u2019est ce genre de prestations que j\u2019ai envie de r\u00e9aliser, comme ce fut le cas \u00e0 l\u2019Olympic ou contre Tirlemont.<\/p>\n","protected":false},"excerpt":{"rendered":"<p>&nbsp; L&rsquo;interview de la semaine, en compagnie de notre gardien Kevin Debaty. Comment est l\u2019ambiance dans le groupe apr\u00e8s la petite d\u00e9ception face \u00e0 Tirlemont ? L\u2019ambiance est toujours bonne. Nous avons eu deux jours de cong\u00e9 avec des exercices individuels \u00e0 r\u00e9aliser \u00e0 la maison. Nous sommes impatients d\u2019attaquer la fin de la semaine [&hellip;]<\/p>\n","protected":false},"author":12,"featured_media":19855,"comment_status":"closed","ping_status":"closed","sticky":false,"template":"","format":"standard","meta":{"iawp_total_views":0},"categories":[1,24],"tags":[],"_links":{"self":[{"href":"https:\/\/fcliege.be\/fr\/wp-json\/wp\/v2\/posts\/19847"}],"collection":[{"href":"https:\/\/fcliege.be\/fr\/wp-json\/wp\/v2\/posts"}],"about":[{"href":"https:\/\/fcliege.be\/fr\/wp-json\/wp\/v2\/types\/post"}],"author":[{"embeddable":true,"href":"https:\/\/fcliege.be\/fr\/wp-json\/wp\/v2\/users\/12"}],"replies":[{"embeddable":true,"href":"https:\/\/fcliege.be\/fr\/wp-json\/wp\/v2\/comments?post=19847"}],"version-history":[{"count":7,"href":"https:\/\/fcliege.be\/fr\/wp-json\/wp\/v2\/posts\/19847\/revisions"}],"predecessor-version":[{"id":19857,"href":"https:\/\/fcliege.be\/fr\/wp-json\/wp\/v2\/posts\/19847\/revisions\/19857"}],"wp:featuredmedia":[{"embeddable":true,"href":"https:\/\/fcliege.be\/fr\/wp-json\/wp\/v2\/media\/19855"}],"wp:attachment":[{"href":"https:\/\/fcliege.be\/fr\/wp-json\/wp\/v2\/media?parent=19847"}],"wp:term":[{"taxonomy":"category","embeddable":true,"href":"https:\/\/fcliege.be\/fr\/wp-json\/wp\/v2\/categories?post=19847"},{"taxonomy":"post_tag","embeddable":true,"href":"https:\/\/fcliege.be\/fr\/wp-json\/wp\/v2\/tags?post=19847"}],"curies":[{"name":"wp","href":"https:\/\/api.w.org\/{rel}","templated":true}]}}