{"id":19909,"date":"2022-10-20T19:27:19","date_gmt":"2022-10-20T17:27:19","guid":{"rendered":"http:\/\/fcliege.be\/fr\/?p=19909"},"modified":"2022-11-15T14:28:56","modified_gmt":"2022-11-15T12:28:56","slug":"maxime-cavelier-indisponible-pour-plusieurs-semaines","status":"publish","type":"post","link":"https:\/\/fcliege.be\/fr\/maxime-cavelier-indisponible-pour-plusieurs-semaines\/","title":{"rendered":"Maxime Cavelier indisponible pour plusieurs semaines"},"content":{"rendered":"<p>&nbsp;<\/p>\n<h4>Une tuile pour notre \u00e9quipe premi\u00e8re !<\/h4>\n<p>Lors de l\u2019entrainement de ce mercredi, Max a subitement ressenti une vive douleur au genou droit. L\u2019IRM pratiqu\u00e9e ce jour a confirm\u00e9 une l\u00e9sion du m\u00e9nisque. Il sera d\u00e8s demain examin\u00e9 par le chirurgien du CHU.<\/p>\n<p>Nous souhaitons \u00e0 Max beaucoup de courage tout au long de sa revalidation et esp\u00e9rons qu\u2019il puisse revenir apporter sa contribution \u00e0 l\u2019\u00e9quipe d\u00e8s que possible.<\/p>\n","protected":false},"excerpt":{"rendered":"<p>&nbsp; Une tuile pour notre \u00e9quipe premi\u00e8re ! Lors de l\u2019entrainement de ce mercredi, Max a subitement ressenti une vive douleur au genou droit. L\u2019IRM pratiqu\u00e9e ce jour a confirm\u00e9 une l\u00e9sion du m\u00e9nisque. Il sera d\u00e8s demain examin\u00e9 par le chirurgien du CHU. Nous souhaitons \u00e0 Max beaucoup de courage tout au long de [&hellip;]<\/p>\n","protected":false},"author":12,"featured_media":19910,"comment_status":"closed","ping_status":"closed","sticky":false,"template":"","format":"standard","meta":{"iawp_total_views":0},"categories":[1,24,26],"tags":[],"_links":{"self":[{"href":"https:\/\/fcliege.be\/fr\/wp-json\/wp\/v2\/posts\/19909"}],"collection":[{"href":"https:\/\/fcliege.be\/fr\/wp-json\/wp\/v2\/posts"}],"about":[{"href":"https:\/\/fcliege.be\/fr\/wp-json\/wp\/v2\/types\/post"}],"author":[{"embeddable":true,"href":"https:\/\/fcliege.be\/fr\/wp-json\/wp\/v2\/users\/12"}],"replies":[{"embeddable":true,"href":"https:\/\/fcliege.be\/fr\/wp-json\/wp\/v2\/comments?post=19909"}],"version-history":[{"count":1,"href":"https:\/\/fcliege.be\/fr\/wp-json\/wp\/v2\/posts\/19909\/revisions"}],"predecessor-version":[{"id":19911,"href":"https:\/\/fcliege.be\/fr\/wp-json\/wp\/v2\/posts\/19909\/revisions\/19911"}],"wp:featuredmedia":[{"embeddable":true,"href":"https:\/\/fcliege.be\/fr\/wp-json\/wp\/v2\/media\/19910"}],"wp:attachment":[{"href":"https:\/\/fcliege.be\/fr\/wp-json\/wp\/v2\/media?parent=19909"}],"wp:term":[{"taxonomy":"category","embeddable":true,"href":"https:\/\/fcliege.be\/fr\/wp-json\/wp\/v2\/categories?post=19909"},{"taxonomy":"post_tag","embeddable":true,"href":"https:\/\/fcliege.be\/fr\/wp-json\/wp\/v2\/tags?post=19909"}],"curies":[{"name":"wp","href":"https:\/\/api.w.org\/{rel}","templated":true}]}}