{"id":19918,"date":"2022-10-21T17:30:51","date_gmt":"2022-10-21T15:30:51","guid":{"rendered":"http:\/\/fcliege.be\/fr\/?p=19918"},"modified":"2022-11-15T14:28:42","modified_gmt":"2022-11-15T12:28:42","slug":"interview-la-parole-a-jona-dostilio","status":"publish","type":"post","link":"https:\/\/fcliege.be\/fr\/interview-la-parole-a-jona-dostilio\/","title":{"rendered":"Interview | La parole \u00e0 Jona D&rsquo;Ostilio"},"content":{"rendered":"<p>&nbsp;<\/p>\n<h4>L&rsquo;interview de la semaine, en compagnie de notre capitaine Jonathan D&rsquo;Ostilio.<\/h4>\n<p><strong>Comment se porte l\u2019\u00e9quipe apr\u00e8s le premier revers en championnat ?<\/strong><\/p>\n<p>Nous avons eu un peu de mal en d\u00e9but de semaine. Subir une premi\u00e8re d\u00e9faite n\u2019est jamais \u00e9vident. N\u00e9anmoins, comme nous l\u2019avions dit, il n\u2019y a pas de raison de s\u2019alarmer. Le groupe a les qualit\u00e9s suffisantes pour redresser la barre d\u00e8s ce dimanche.<\/p>\n<p><strong>Apr\u00e8s ce 2 sur 9, il faut se remettre en marche.<\/strong><\/p>\n<p>\u00c9videmment, le match contre l&rsquo;Antwerp est derri\u00e8re nous. On a un match dans deux jours et ce sera important d\u2019\u00eatre \u00e0 100% pour pouvoir relancer la machine.<\/p>\n<p><strong>Un d\u00e9placement chez un promu est toujours compliqu\u00e9. A quoi vous attendez-vous ?<\/strong><\/p>\n<p>On s\u2019attend \u00e0 affronter une \u00e9quipe qui va certainement rester en bloc et ne va probablement pas faire le jeu. Comme je l\u2019ai dit, on a suffisamment de qualit\u00e9s dans l\u2019\u00e9quipe pour faire la diff\u00e9rence face \u00e0 un tel adversaire.<\/p>\n<p><strong>Li\u00e8ge est en panne de but, 1 goal inscrit en 3 rencontres alors qu\u2019il y a encore trois semaines, le ballon rentrait presque de lui-m\u00eame.<\/strong><\/p>\n<p>Oui c\u2019est vrai. Il y a quelques semaines, on avait ce brin de chance qui nous permettait de mettre pratiquement chacune de nos occasions au fond. Mais lorsque cette chance est moins pr\u00e9sente, il faut la provoquer et ainsi inverser la tendance.<\/p>\n<p><strong>On a appris la blessure de Max Cavelier qui avait r\u00e9alis\u00e9 un excellent d\u00e9but de championnat. Quel impact cela aura ?<\/strong><\/p>\n<p>Ce qui lui est arriv\u00e9 est vraiment dommage. En effet, il avait r\u00e9alis\u00e9 un tr\u00e8s bon d\u00e9but de championnat en nous montrant toutes ses qualit\u00e9s, que ce soit individuellement ou collectivement. C\u2019est donc \u00e9videmment une perte. Mais nous disposons d\u2019un bon groupe et d\u2019autres joueurs sont pr\u00e9sents pour pouvoir faire la diff\u00e9rence.<\/p>\n<p><strong>Vous avez purg\u00e9 votre suspension. Vous sentez-vous pr\u00eat physiquement ?<\/strong><\/p>\n<p>Je l\u2019esp\u00e8re ! J\u2019ai une blessure qui tra\u00eene depuis quelques semaines mais gr\u00e2ce au staff on fait tout notre possible pour que je sois pr\u00eat pour le match de ce dimanche.<\/p>\n","protected":false},"excerpt":{"rendered":"<p>&nbsp; L&rsquo;interview de la semaine, en compagnie de notre capitaine Jonathan D&rsquo;Ostilio. Comment se porte l\u2019\u00e9quipe apr\u00e8s le premier revers en championnat ? Nous avons eu un peu de mal en d\u00e9but de semaine. Subir une premi\u00e8re d\u00e9faite n\u2019est jamais \u00e9vident. N\u00e9anmoins, comme nous l\u2019avions dit, il n\u2019y a pas de raison de s\u2019alarmer. Le [&hellip;]<\/p>\n","protected":false},"author":12,"featured_media":19919,"comment_status":"closed","ping_status":"closed","sticky":false,"template":"","format":"standard","meta":{"iawp_total_views":2},"categories":[1,24],"tags":[],"_links":{"self":[{"href":"https:\/\/fcliege.be\/fr\/wp-json\/wp\/v2\/posts\/19918"}],"collection":[{"href":"https:\/\/fcliege.be\/fr\/wp-json\/wp\/v2\/posts"}],"about":[{"href":"https:\/\/fcliege.be\/fr\/wp-json\/wp\/v2\/types\/post"}],"author":[{"embeddable":true,"href":"https:\/\/fcliege.be\/fr\/wp-json\/wp\/v2\/users\/12"}],"replies":[{"embeddable":true,"href":"https:\/\/fcliege.be\/fr\/wp-json\/wp\/v2\/comments?post=19918"}],"version-history":[{"count":2,"href":"https:\/\/fcliege.be\/fr\/wp-json\/wp\/v2\/posts\/19918\/revisions"}],"predecessor-version":[{"id":19921,"href":"https:\/\/fcliege.be\/fr\/wp-json\/wp\/v2\/posts\/19918\/revisions\/19921"}],"wp:featuredmedia":[{"embeddable":true,"href":"https:\/\/fcliege.be\/fr\/wp-json\/wp\/v2\/media\/19919"}],"wp:attachment":[{"href":"https:\/\/fcliege.be\/fr\/wp-json\/wp\/v2\/media?parent=19918"}],"wp:term":[{"taxonomy":"category","embeddable":true,"href":"https:\/\/fcliege.be\/fr\/wp-json\/wp\/v2\/categories?post=19918"},{"taxonomy":"post_tag","embeddable":true,"href":"https:\/\/fcliege.be\/fr\/wp-json\/wp\/v2\/tags?post=19918"}],"curies":[{"name":"wp","href":"https:\/\/api.w.org\/{rel}","templated":true}]}}