{"id":19971,"date":"2022-10-26T08:46:59","date_gmt":"2022-10-26T06:46:59","guid":{"rendered":"http:\/\/fcliege.be\/fr\/?p=19971"},"modified":"2022-10-26T11:35:16","modified_gmt":"2022-10-26T09:35:16","slug":"ouverture-du-parking-supporters","status":"publish","type":"post","link":"https:\/\/fcliege.be\/fr\/ouverture-du-parking-supporters\/","title":{"rendered":"Ouverture du parking supporters"},"content":{"rendered":"<p>&nbsp;<\/p>\n<h4>Ouverture du parking supporters pour le match contre le Patro Eisden.<\/h4>\n<p>A la suite d\u2019un nouveau tour de table entre <strong>Les Ardentes<\/strong>, le <strong>RFCL<\/strong> et la <strong>Police de Li\u00e8ge<\/strong>, nous sommes en mesure d\u2019ouvrir ce 30 octobre un parking r\u00e9serv\u00e9 \u00e0 nos supporters sur le site des Ardentes. Ceci \u00e9tait un point important \u00e0 finaliser pour nos bonnes relations avec les riverains de Ans et de Rocourt.<\/p>\n<p>L\u2019entr\u00e9e des v\u00e9hicules se fera rue de la Tonne par l\u2019acc\u00e8s situ\u00e9 20m avant l\u2019entr\u00e9e du stade et la sortie par la rue Jean Volders. Le stationnement est pr\u00e9vu uniquement sur les voies carrossables du site.<\/p>\n<p><strong>Prix : 2 euros TVAC payables en cash \u00e0 la sortie.<\/strong> Pensez vous munir de la pi\u00e8ce pour le paiement et ainsi contribuer \u00e0 la fluidit\u00e9 de la sortie.<\/p>\n<p><strong>Heures d\u2019ouverture : de 13h \u00e0 20h.<\/strong> Attention, ensuite, le site sera ferm\u00e9.<\/p>\n<p>Le parking sera surveill\u00e9 par 2 agents de s\u00e9curit\u00e9 et des stewards mais le club d\u00e9cline toute responsabilit\u00e9 en cas de vol ou de d\u00e9gradation. Veillez \u00e0 garder le site propre !<\/p>\n","protected":false},"excerpt":{"rendered":"<p>&nbsp; Ouverture du parking supporters pour le match contre le Patro Eisden. A la suite d\u2019un nouveau tour de table entre Les Ardentes, le RFCL et la Police de Li\u00e8ge, nous sommes en mesure d\u2019ouvrir ce 30 octobre un parking r\u00e9serv\u00e9 \u00e0 nos supporters sur le site des Ardentes. Ceci \u00e9tait un point important \u00e0 [&hellip;]<\/p>\n","protected":false},"author":12,"featured_media":0,"comment_status":"closed","ping_status":"closed","sticky":false,"template":"","format":"standard","meta":{"iawp_total_views":18},"categories":[24,28],"tags":[],"_links":{"self":[{"href":"https:\/\/fcliege.be\/fr\/wp-json\/wp\/v2\/posts\/19971"}],"collection":[{"href":"https:\/\/fcliege.be\/fr\/wp-json\/wp\/v2\/posts"}],"about":[{"href":"https:\/\/fcliege.be\/fr\/wp-json\/wp\/v2\/types\/post"}],"author":[{"embeddable":true,"href":"https:\/\/fcliege.be\/fr\/wp-json\/wp\/v2\/users\/12"}],"replies":[{"embeddable":true,"href":"https:\/\/fcliege.be\/fr\/wp-json\/wp\/v2\/comments?post=19971"}],"version-history":[{"count":5,"href":"https:\/\/fcliege.be\/fr\/wp-json\/wp\/v2\/posts\/19971\/revisions"}],"predecessor-version":[{"id":19994,"href":"https:\/\/fcliege.be\/fr\/wp-json\/wp\/v2\/posts\/19971\/revisions\/19994"}],"wp:attachment":[{"href":"https:\/\/fcliege.be\/fr\/wp-json\/wp\/v2\/media?parent=19971"}],"wp:term":[{"taxonomy":"category","embeddable":true,"href":"https:\/\/fcliege.be\/fr\/wp-json\/wp\/v2\/categories?post=19971"},{"taxonomy":"post_tag","embeddable":true,"href":"https:\/\/fcliege.be\/fr\/wp-json\/wp\/v2\/tags?post=19971"}],"curies":[{"name":"wp","href":"https:\/\/api.w.org\/{rel}","templated":true}]}}