{"id":20056,"date":"2022-11-03T08:00:20","date_gmt":"2022-11-03T06:00:20","guid":{"rendered":"http:\/\/fcliege.be\/fr\/?p=20056"},"modified":"2022-11-03T20:29:49","modified_gmt":"2022-11-03T18:29:49","slug":"jeunes-decouverte-de-larbitrage","status":"publish","type":"post","link":"https:\/\/fcliege.be\/fr\/jeunes-decouverte-de-larbitrage\/","title":{"rendered":"Jeunes | D\u00e9couverte de l&rsquo;arbitrage (vid\u00e9o)"},"content":{"rendered":"<p>&nbsp;<\/p>\n<h4>Le stage BE THE REF, organis\u00e9 par le RFCL et l&rsquo;ACFF la semaine pass\u00e9e, est une r\u00e9ussite !<\/h4>\n<p>Les stagiaires \u00e9taient au nombre de 10, un groupe de taille id\u00e9ale selon les formateurs. Ils ont appris les r\u00e8gles de base de l&rsquo;arbitrage, arbitr\u00e9 de petits matchs et rencontr\u00e9 des arbitres de Pro League.<\/p>\n<p>En image, une photo de groupe en compagnie d&rsquo;Arthur <strong>Denil<\/strong> et Jonathan <strong>Lardot<\/strong>.<\/p>\n<p>7 des 10 participants ont r\u00e9ussi l&rsquo;examen th\u00e9orique, dont 5 novices. Une fois qu&rsquo;ils auront termin\u00e9 les modules e-learning, les jeunes pourront pr\u00e9tendre \u00e0 une premi\u00e8re d\u00e9signation s&rsquo;ils ont au moins 15 ans accomplis.<\/p>\n<p>En principe, un stage d\u00e9di\u00e9 \u00e0 l&rsquo;arbitrage sera organis\u00e9 au RFCL chaque saison !<\/p>\n<p><iframe loading=\"lazy\" style=\"border: none; overflow: hidden;\" src=\"https:\/\/www.facebook.com\/plugins\/video.php?height=476&amp;href=https%3A%2F%2Fwww.facebook.com%2Facffasbl%2Fvideos%2F683364703002482%2F&amp;show_text=false&amp;width=267&amp;t=0\" width=\"267\" height=\"476\" frameborder=\"0\" scrolling=\"no\" allowfullscreen=\"allowfullscreen\"><\/iframe><\/p>\n","protected":false},"excerpt":{"rendered":"<p>&nbsp; Le stage BE THE REF, organis\u00e9 par le RFCL et l&rsquo;ACFF la semaine pass\u00e9e, est une r\u00e9ussite ! Les stagiaires \u00e9taient au nombre de 10, un groupe de taille id\u00e9ale selon les formateurs. Ils ont appris les r\u00e8gles de base de l&rsquo;arbitrage, arbitr\u00e9 de petits matchs et rencontr\u00e9 des arbitres de Pro League. En [&hellip;]<\/p>\n","protected":false},"author":12,"featured_media":20067,"comment_status":"closed","ping_status":"closed","sticky":false,"template":"","format":"standard","meta":{"iawp_total_views":1},"categories":[24,23],"tags":[],"_links":{"self":[{"href":"https:\/\/fcliege.be\/fr\/wp-json\/wp\/v2\/posts\/20056"}],"collection":[{"href":"https:\/\/fcliege.be\/fr\/wp-json\/wp\/v2\/posts"}],"about":[{"href":"https:\/\/fcliege.be\/fr\/wp-json\/wp\/v2\/types\/post"}],"author":[{"embeddable":true,"href":"https:\/\/fcliege.be\/fr\/wp-json\/wp\/v2\/users\/12"}],"replies":[{"embeddable":true,"href":"https:\/\/fcliege.be\/fr\/wp-json\/wp\/v2\/comments?post=20056"}],"version-history":[{"count":6,"href":"https:\/\/fcliege.be\/fr\/wp-json\/wp\/v2\/posts\/20056\/revisions"}],"predecessor-version":[{"id":20063,"href":"https:\/\/fcliege.be\/fr\/wp-json\/wp\/v2\/posts\/20056\/revisions\/20063"}],"wp:featuredmedia":[{"embeddable":true,"href":"https:\/\/fcliege.be\/fr\/wp-json\/wp\/v2\/media\/20067"}],"wp:attachment":[{"href":"https:\/\/fcliege.be\/fr\/wp-json\/wp\/v2\/media?parent=20056"}],"wp:term":[{"taxonomy":"category","embeddable":true,"href":"https:\/\/fcliege.be\/fr\/wp-json\/wp\/v2\/categories?post=20056"},{"taxonomy":"post_tag","embeddable":true,"href":"https:\/\/fcliege.be\/fr\/wp-json\/wp\/v2\/tags?post=20056"}],"curies":[{"name":"wp","href":"https:\/\/api.w.org\/{rel}","templated":true}]}}