{"id":20071,"date":"2022-11-04T16:52:34","date_gmt":"2022-11-04T14:52:34","guid":{"rendered":"http:\/\/fcliege.be\/fr\/?p=20071"},"modified":"2022-11-15T14:27:50","modified_gmt":"2022-11-15T12:27:50","slug":"interview-la-parole-a-emilien-massart","status":"publish","type":"post","link":"https:\/\/fcliege.be\/fr\/interview-la-parole-a-emilien-massart\/","title":{"rendered":"Interview | La parole \u00e0 Emilien Massart"},"content":{"rendered":"<h4><\/h4>\n<h4>L&rsquo;interview de la semaine, en compagnie du jeune Emilien Massart, buteur face au Patro.<\/h4>\n<p><strong>L\u2019\u00e9quipe a livr\u00e9 une grosse prestation dimanche dernier. Avez-vous f\u00eat\u00e9 cela ?<\/strong><\/p>\n<p>Oui ! Nous avions travaill\u00e9 dur toute la semaine pour pr\u00e9parer ce match du top au mieux. Alors, lorsque nous avons pu f\u00eater la victoire avec les supporters et ensuite dans le vestiaire, on n\u2019a pas manqu\u00e9 d\u2019en profiter ! Mais, d\u00e8s le lendemain, nous \u00e9tions concentr\u00e9s sur le match de ce dimanche face \u00e0 Hoogstraten.<\/p>\n<p><strong>Apr\u00e8s une victoire comme celle-l\u00e0, il ne faut pas se rel\u00e2cher, et confirmer.<\/strong><\/p>\n<p>Se rel\u00e2cher est interdit car la saison est encore longue. Nous avons pr\u00e9par\u00e9 au mieux le match de ce dimanche afin de confirmer et obtenir trois nouveaux points.<\/p>\n<p><strong>Comment avez-vous v\u00e9cu ce premier but sous les couleurs du RFCL ?<\/strong><\/p>\n<p>C\u2019\u00e9tait une grande joie ! Je ne suis pas un grand buteur alors marquer mon premier but dans un match important tel que celui-ci et, de plus, face \u00e0 la tribune debout, \u00e7a m\u2019a fait tr\u00e8s plaisir. J\u2019ai f\u00eat\u00e9 cela avec ma famille et j\u2019esp\u00e8re que cela se reproduira souvent !<\/p>\n<p><strong>Si les concurrents ne le savaient pas encore, cette victoire d\u00e9montre que Li\u00e8ge peut jouer les premiers r\u00f4les.<\/strong><\/p>\n<p>Oui, nous avons prouv\u00e9 que le groupe a d\u2019\u00e9normes qualit\u00e9s. Lorsqu\u2019on se donne \u00e0 fond sur le terrain, on est capable de faire mal \u00e0 n\u2019importe quelle \u00e9quipe.<\/p>\n<p><strong>Li\u00e8ge a retrouv\u00e9 des couleurs. De bon augure \u00e0 l\u2019approche du derby face \u00e0 Vis\u00e9 ?<\/strong><\/p>\n<p>Bien s\u00fbr, un derby c\u2019est toujours particulier. Mais que ce soit Vis\u00e9 ou une autre \u00e9quipe, nous devons toujours jouer pour gagner. Le succ\u00e8s face au Patro nous a fait gagner en confiance, ce qui est de bon augure pour la suite de la saison.<\/p>\n","protected":false},"excerpt":{"rendered":"<p>L&rsquo;interview de la semaine, en compagnie du jeune Emilien Massart, buteur face au Patro. L\u2019\u00e9quipe a livr\u00e9 une grosse prestation dimanche dernier. Avez-vous f\u00eat\u00e9 cela ? Oui ! Nous avions travaill\u00e9 dur toute la semaine pour pr\u00e9parer ce match du top au mieux. Alors, lorsque nous avons pu f\u00eater la victoire avec les supporters et [&hellip;]<\/p>\n","protected":false},"author":12,"featured_media":20073,"comment_status":"closed","ping_status":"closed","sticky":false,"template":"","format":"standard","meta":{"iawp_total_views":0},"categories":[1,24],"tags":[],"_links":{"self":[{"href":"https:\/\/fcliege.be\/fr\/wp-json\/wp\/v2\/posts\/20071"}],"collection":[{"href":"https:\/\/fcliege.be\/fr\/wp-json\/wp\/v2\/posts"}],"about":[{"href":"https:\/\/fcliege.be\/fr\/wp-json\/wp\/v2\/types\/post"}],"author":[{"embeddable":true,"href":"https:\/\/fcliege.be\/fr\/wp-json\/wp\/v2\/users\/12"}],"replies":[{"embeddable":true,"href":"https:\/\/fcliege.be\/fr\/wp-json\/wp\/v2\/comments?post=20071"}],"version-history":[{"count":5,"href":"https:\/\/fcliege.be\/fr\/wp-json\/wp\/v2\/posts\/20071\/revisions"}],"predecessor-version":[{"id":20077,"href":"https:\/\/fcliege.be\/fr\/wp-json\/wp\/v2\/posts\/20071\/revisions\/20077"}],"wp:featuredmedia":[{"embeddable":true,"href":"https:\/\/fcliege.be\/fr\/wp-json\/wp\/v2\/media\/20073"}],"wp:attachment":[{"href":"https:\/\/fcliege.be\/fr\/wp-json\/wp\/v2\/media?parent=20071"}],"wp:term":[{"taxonomy":"category","embeddable":true,"href":"https:\/\/fcliege.be\/fr\/wp-json\/wp\/v2\/categories?post=20071"},{"taxonomy":"post_tag","embeddable":true,"href":"https:\/\/fcliege.be\/fr\/wp-json\/wp\/v2\/tags?post=20071"}],"curies":[{"name":"wp","href":"https:\/\/api.w.org\/{rel}","templated":true}]}}