{"id":20528,"date":"2022-12-27T17:15:00","date_gmt":"2022-12-27T15:15:00","guid":{"rendered":"https:\/\/fcliege.be\/fr\/?p=20528"},"modified":"2022-12-27T13:21:50","modified_gmt":"2022-12-27T11:21:50","slug":"supporters-les-johan-club-officiel","status":"publish","type":"post","link":"https:\/\/fcliege.be\/fr\/supporters-les-johan-club-officiel\/","title":{"rendered":"Supporters | Johan 1892 club officiel"},"content":{"rendered":"\n<p><\/p>\n\n\n\n<h4 class=\"wp-block-heading\"><strong>Le RFCL et ses supporters en ordre de marche<\/strong> !<\/h4>\n\n\n\n<p>C\u2019\u00e9tait dans l\u2019air et c\u2019est maintenant chose faite ! A la suite d\u2019une nouvelle r\u00e9union, les <strong>Johan<\/strong> <strong>1892<\/strong>, repr\u00e9sent\u00e9s par Megan <strong>Dubois<\/strong>, et notre directeur g\u00e9n\u00e9ral ont sign\u00e9 ensemble la Charte au Sainte-Walburge.<\/p>\n\n\n\n<p>Les Johan 1892 (re)deviennent ainsi un club officiel de supporters du RFCL. C\u2019est donc d\u00e9sormais sur 6 clubs officiels que les joueurs pourront compter pour les encourager et ceci \u00e0 un moment que chacun sait essentiel pour le club, bien d\u00e9cid\u00e9 \u00e0 r\u00e9int\u00e9grer en fin de saison le football professionnel apr\u00e8s 25 ans.<\/p>\n","protected":false},"excerpt":{"rendered":"<p>Le RFCL et ses supporters en ordre de marche ! C\u2019\u00e9tait dans l\u2019air et c\u2019est maintenant chose faite ! A la suite d\u2019une nouvelle r\u00e9union, les Johan 1892, repr\u00e9sent\u00e9s par Megan Dubois, et notre directeur g\u00e9n\u00e9ral ont sign\u00e9 ensemble la Charte au Sainte-Walburge. Les Johan 1892 (re)deviennent ainsi un club officiel de supporters du RFCL. [&hellip;]<\/p>\n","protected":false},"author":12,"featured_media":0,"comment_status":"closed","ping_status":"closed","sticky":false,"template":"","format":"standard","meta":{"iawp_total_views":13},"categories":[24,28],"tags":[],"_links":{"self":[{"href":"https:\/\/fcliege.be\/fr\/wp-json\/wp\/v2\/posts\/20528"}],"collection":[{"href":"https:\/\/fcliege.be\/fr\/wp-json\/wp\/v2\/posts"}],"about":[{"href":"https:\/\/fcliege.be\/fr\/wp-json\/wp\/v2\/types\/post"}],"author":[{"embeddable":true,"href":"https:\/\/fcliege.be\/fr\/wp-json\/wp\/v2\/users\/12"}],"replies":[{"embeddable":true,"href":"https:\/\/fcliege.be\/fr\/wp-json\/wp\/v2\/comments?post=20528"}],"version-history":[{"count":6,"href":"https:\/\/fcliege.be\/fr\/wp-json\/wp\/v2\/posts\/20528\/revisions"}],"predecessor-version":[{"id":20549,"href":"https:\/\/fcliege.be\/fr\/wp-json\/wp\/v2\/posts\/20528\/revisions\/20549"}],"wp:attachment":[{"href":"https:\/\/fcliege.be\/fr\/wp-json\/wp\/v2\/media?parent=20528"}],"wp:term":[{"taxonomy":"category","embeddable":true,"href":"https:\/\/fcliege.be\/fr\/wp-json\/wp\/v2\/categories?post=20528"},{"taxonomy":"post_tag","embeddable":true,"href":"https:\/\/fcliege.be\/fr\/wp-json\/wp\/v2\/tags?post=20528"}],"curies":[{"name":"wp","href":"https:\/\/api.w.org\/{rel}","templated":true}]}}