{"id":20550,"date":"2022-12-30T18:44:02","date_gmt":"2022-12-30T16:44:02","guid":{"rendered":"https:\/\/fcliege.be\/fr\/?p=20550"},"modified":"2022-12-30T18:51:34","modified_gmt":"2022-12-30T16:51:34","slug":"interview-la-parole-a-eric-deflandre","status":"publish","type":"post","link":"https:\/\/fcliege.be\/fr\/interview-la-parole-a-eric-deflandre\/","title":{"rendered":"Interview | La parole \u00e0 Eric Deflandre"},"content":{"rendered":"\n<p><\/p>\n\n\n\n<h4 class=\"wp-block-heading\"><strong>L&rsquo;interview de la semaine, en compagnie de Eric Deflandre<\/strong><\/h4>\n\n\n\n<p><strong>L\u2019\u00e9quipe a termin\u00e9 l\u2019ann\u00e9e sur une victoire importante face \u00e0 la RAAL. De bon augure ?<\/strong><\/p>\n\n\n\n<p>Oui, nous avions \u00e0 c\u0153ur de bien terminer l\u2019ann\u00e9e ! Nous avons affront\u00e9 une bonne \u00e9quipe et nous avons fait le match parfait tant offensivement que d\u00e9fensivement. Cette victoire nous a permis de souffler pendant les vacances, m\u00eame si nous savons que le plus dur reste \u00e0 faire. En effet, nous commen\u00e7ons par deux d\u00e9placements, \u00e0 <strong>Winkel <\/strong>et <strong>Hoogstraten<\/strong>. Il s\u2019agira de bien les n\u00e9gocier pour d\u00e9buter correctement cette deuxi\u00e8me partie de saison.<\/p>\n\n\n\n<p><strong>L\u2019\u00e9quipe va devoir se passer pendant plusieurs mois de son rempla\u00e7ant de luxe Florian Gendebien. Comment allez-vous g\u00e9rer cela ?<\/strong><\/p>\n\n\n\n<p>Florian est un \u00e9l\u00e9ment tr\u00e8s important du groupe. Il \u00e9tait devenu, en effet, notre joker en \u00e9tant pratiquement chaque fois d\u00e9cisif lors de ses mont\u00e9es au jeu. Par cons\u00e9quent, devoir nous passer de lui durant cette longue p\u00e9riode est tr\u00e8s dommage. Heureusement, nous allons r\u00e9cup\u00e9rer Maxime <strong>Cavelier <\/strong>qui va nous apporter pas mal d&rsquo;options suppl\u00e9mentaires. Nous allons donc essayer de g\u00e9rer cela au mieux.<\/p>\n\n\n\n<p><strong>Que pensez-vous du retour des Johan 1892 en temps que club de supporters officiel ?<\/strong><\/p>\n\n\n\n<p>C\u2019est tr\u00e8s bien ! Ce sont des supporters qui ont toujours \u00e9t\u00e9 pr\u00e9sents autour du club. C\u2019est donc tr\u00e8s important qu\u2019ils continuent \u00e0 pousser l\u2019\u00e9quipe dans le futur.<\/p>\n\n\n\n<p><strong>\u00c0 la mi-saison, l\u2019\u00e9quipe est bien positionn\u00e9e dans la lutte pour la mont\u00e9e. Comment allez-vous pr\u00e9parer vos joueurs pour la deuxi\u00e8me partie de championnat ?<\/strong><\/p>\n\n\n\n<p>De la m\u00eame mani\u00e8re que ce que nous avons fait jusqu\u2019\u00e0 pr\u00e9sent. On doit veiller \u00e0 mettre les joueurs dans les meilleures conditions physiques et mentales et cela dans une tr\u00e8s bonne ambiance. Ce qui fait la force d\u2019un groupe est de cr\u00e9er une solidarit\u00e9 entre tous les joueurs pour qu\u2019ils se battent les uns pour les autres.<\/p>\n\n\n\n<p>Cela passe par un contexte de travail o\u00f9 on privil\u00e9gie \u00e0 la fois la bonne humeur mais \u00e9galement le travail avec beaucoup de hargne. C\u2019est ce que l\u2019on peut voir lors des petits matchs d\u2019entra\u00eenement o\u00f9 ils r\u00e2lent d\u00e8s qu\u2019ils sont battus ! Cela prouve qu\u2019ils ont l\u2019envie et qu\u2019ils ont soif de victoire. C&rsquo;est sur ces bases qu\u2019il faudra avancer pour la suite.<\/p>\n\n\n\n<figure class=\"wp-block-image size-large\"><img decoding=\"async\" loading=\"lazy\" width=\"1024\" height=\"1024\" src=\"https:\/\/fcliege.be\/fr\/wp-content\/uploads\/2022\/12\/deflandre-1-1024x1024.jpg\" alt=\"\" class=\"wp-image-20555\" srcset=\"https:\/\/fcliege.be\/fr\/wp-content\/uploads\/2022\/12\/deflandre-1-1024x1024.jpg 1024w, https:\/\/fcliege.be\/fr\/wp-content\/uploads\/2022\/12\/deflandre-1-300x300.jpg 300w, https:\/\/fcliege.be\/fr\/wp-content\/uploads\/2022\/12\/deflandre-1-150x150.jpg 150w, https:\/\/fcliege.be\/fr\/wp-content\/uploads\/2022\/12\/deflandre-1-768x768.jpg 768w, https:\/\/fcliege.be\/fr\/wp-content\/uploads\/2022\/12\/deflandre-1-1536x1536.jpg 1536w, https:\/\/fcliege.be\/fr\/wp-content\/uploads\/2022\/12\/deflandre-1.jpg 1920w\" sizes=\"(max-width: 1024px) 100vw, 1024px\" \/><\/figure>\n","protected":false},"excerpt":{"rendered":"<p>L&rsquo;interview de la semaine, en compagnie de Eric Deflandre L\u2019\u00e9quipe a termin\u00e9 l\u2019ann\u00e9e sur une victoire importante face \u00e0 la RAAL. De bon augure ? Oui, nous avions \u00e0 c\u0153ur de bien terminer l\u2019ann\u00e9e ! Nous avons affront\u00e9 une bonne \u00e9quipe et nous avons fait le match parfait tant offensivement que d\u00e9fensivement. Cette victoire nous [&hellip;]<\/p>\n","protected":false},"author":12,"featured_media":20553,"comment_status":"closed","ping_status":"closed","sticky":false,"template":"","format":"standard","meta":{"iawp_total_views":0},"categories":[1,24],"tags":[],"_links":{"self":[{"href":"https:\/\/fcliege.be\/fr\/wp-json\/wp\/v2\/posts\/20550"}],"collection":[{"href":"https:\/\/fcliege.be\/fr\/wp-json\/wp\/v2\/posts"}],"about":[{"href":"https:\/\/fcliege.be\/fr\/wp-json\/wp\/v2\/types\/post"}],"author":[{"embeddable":true,"href":"https:\/\/fcliege.be\/fr\/wp-json\/wp\/v2\/users\/12"}],"replies":[{"embeddable":true,"href":"https:\/\/fcliege.be\/fr\/wp-json\/wp\/v2\/comments?post=20550"}],"version-history":[{"count":5,"href":"https:\/\/fcliege.be\/fr\/wp-json\/wp\/v2\/posts\/20550\/revisions"}],"predecessor-version":[{"id":20558,"href":"https:\/\/fcliege.be\/fr\/wp-json\/wp\/v2\/posts\/20550\/revisions\/20558"}],"wp:featuredmedia":[{"embeddable":true,"href":"https:\/\/fcliege.be\/fr\/wp-json\/wp\/v2\/media\/20553"}],"wp:attachment":[{"href":"https:\/\/fcliege.be\/fr\/wp-json\/wp\/v2\/media?parent=20550"}],"wp:term":[{"taxonomy":"category","embeddable":true,"href":"https:\/\/fcliege.be\/fr\/wp-json\/wp\/v2\/categories?post=20550"},{"taxonomy":"post_tag","embeddable":true,"href":"https:\/\/fcliege.be\/fr\/wp-json\/wp\/v2\/tags?post=20550"}],"curies":[{"name":"wp","href":"https:\/\/api.w.org\/{rel}","templated":true}]}}